{"@context":{"dc":"http:\/\/purl.org\/dc\/elements\/1.1\/","skos":"http:\/\/www.w3.org\/2004\/02\/skos\/core#","skos:broader":{"@type":"@id"},"skos:inScheme":{"@type":"@id"},"skos:related":{"@type":"@id"},"skos:narrower":{"@type":"@id"},"skos:hasTopConcept":{"@type":"@id"},"skos:topConceptOf":{"@type":"@id"}},"@id":"https:\/\/adm.senado.leg.br\/vcb\/vocab\/skos\/1776","@type":"skos:Concept","skos:prefLabel":{"@language":"pt-BR","@value=":"Ambiente marinho"},"skos:inScheme":"https:\/\/adm.senado.leg.br\/vcb\/vocab\/","dct:created":"2020-09-18 17:43:01","skos:definition":[{"@lang":"ab","@value":"\u00c9 considerado o in\u00edcio evolutivo dos organismos biol\u00f3gicos, onde a vida teria se iniciado nas \u00e1guas mais rasas dos oceanos primitivos$vSOARES-GOMES, FIGUEIREDO. Ambiente marinho. 2002 "}],"skos:broader":["https:\/\/adm.senado.leg.br\/vcb\/vocab\/skos\/5390"],"skos:altLabel":[{"language":"pt-BR","value":"Biociclo marinho"},{"language":"pt-BR","value":"Biodiversidade marinha"},{"language":"pt-BR","value":"Diversidade marinha"},{"language":"pt-BR","value":"Ecossistema marinho"},{"language":"pt-BR","value":"Meio marinho"},{"language":"pt-BR","value":"Talassociclo"}],"skos:related":["https:\/\/adm.senado.leg.br\/vcb\/vocab\/skos\/1763","https:\/\/adm.senado.leg.br\/vcb\/vocab\/skos\/375","https:\/\/adm.senado.leg.br\/vcb\/vocab\/skos\/2233","https:\/\/adm.senado.leg.br\/vcb\/vocab\/skos\/1798"]}