{"@context":{"dc":"http:\/\/purl.org\/dc\/elements\/1.1\/","skos":"http:\/\/www.w3.org\/2004\/02\/skos\/core#","skos:broader":{"@type":"@id"},"skos:inScheme":{"@type":"@id"},"skos:related":{"@type":"@id"},"skos:narrower":{"@type":"@id"},"skos:hasTopConcept":{"@type":"@id"},"skos:topConceptOf":{"@type":"@id"}},"@id":"https:\/\/adm.senado.leg.br\/vcb\/vocab\/skos\/1786","@type":"skos:Concept","skos:prefLabel":{"@language":"pt-BR","@value=":"Combate \u00e0s altera\u00e7\u00f5es clim\u00e1ticas"},"skos:inScheme":"https:\/\/adm.senado.leg.br\/vcb\/vocab\/","dct:created":"2020-09-18 17:43:01","skos:definition":[{"@lang":"ab","@value":"Objetivo 13 dos 17 objetivos propostos pelos Objetivos de Desenvolvimento Sustent\u00e1vel (ODS). "},{"@lang":"ab","@value":"Tomar medidas urgentes para combater a mudan\u00e7a clim\u00e1tica e seus impactos- reconhecendo que a Conven\u00e7\u00e3o Quadro das Na\u00e7\u00f5es Unidas sobre Mudan\u00e7a do Clima [UNFCCC] \u00e9 o f\u00f3rum internacional intergovernamental prim\u00e1rio para negociar a resposta global \u00e0 mudan\u00e7a do clima.$vONUBR. Na\u00e7\u00f5es Unidas no Brasil. Especiais. Agenda 2030. 17 objetivos para transformar nosso mundo. "}],"skos:broader":["https:\/\/adm.senado.leg.br\/vcb\/vocab\/skos\/1800"],"skos:altLabel":[{"language":"pt-BR","value":"Combate \u00e0s mudan\u00e7as clim\u00e1ticas"},{"language":"pt-BR","value":"Objetivos de desenvolvimento sustent\u00e1vel (ODS) 13"},{"language":"pt-BR","value":"ODS 13"}],"skos:related":["https:\/\/adm.senado.leg.br\/vcb\/vocab\/skos\/1780","https:\/\/adm.senado.leg.br\/vcb\/vocab\/skos\/1784","https:\/\/adm.senado.leg.br\/vcb\/vocab\/skos\/1785","https:\/\/adm.senado.leg.br\/vcb\/vocab\/skos\/1787","https:\/\/adm.senado.leg.br\/vcb\/vocab\/skos\/1788","https:\/\/adm.senado.leg.br\/vcb\/vocab\/skos\/1789","https:\/\/adm.senado.leg.br\/vcb\/vocab\/skos\/1790","https:\/\/adm.senado.leg.br\/vcb\/vocab\/skos\/1791","https:\/\/adm.senado.leg.br\/vcb\/vocab\/skos\/1792","https:\/\/adm.senado.leg.br\/vcb\/vocab\/skos\/1793","https:\/\/adm.senado.leg.br\/vcb\/vocab\/skos\/1794","https:\/\/adm.senado.leg.br\/vcb\/vocab\/skos\/1795","https:\/\/adm.senado.leg.br\/vcb\/vocab\/skos\/1796","https:\/\/adm.senado.leg.br\/vcb\/vocab\/skos\/1797","https:\/\/adm.senado.leg.br\/vcb\/vocab\/skos\/1798","https:\/\/adm.senado.leg.br\/vcb\/vocab\/skos\/1799"]}