{"@context":{"dc":"http:\/\/purl.org\/dc\/elements\/1.1\/","skos":"http:\/\/www.w3.org\/2004\/02\/skos\/core#","skos:broader":{"@type":"@id"},"skos:inScheme":{"@type":"@id"},"skos:related":{"@type":"@id"},"skos:narrower":{"@type":"@id"},"skos:hasTopConcept":{"@type":"@id"},"skos:topConceptOf":{"@type":"@id"}},"@id":"https:\/\/adm.senado.leg.br\/vcb\/vocab\/skos\/1838","@type":"skos:Concept","skos:prefLabel":{"@language":"pt-BR","@value=":"Doen\u00e7a transmiss\u00edvel"},"skos:inScheme":"https:\/\/adm.senado.leg.br\/vcb\/vocab\/","dct:created":"2020-09-18 17:43:02","skos:narrower":["https:\/\/adm.senado.leg.br\/vcb\/vocab\/skos\/1833","https:\/\/adm.senado.leg.br\/vcb\/vocab\/skos\/1425","https:\/\/adm.senado.leg.br\/vcb\/vocab\/skos\/1426","https:\/\/adm.senado.leg.br\/vcb\/vocab\/skos\/12268","https:\/\/adm.senado.leg.br\/vcb\/vocab\/skos\/9213","https:\/\/adm.senado.leg.br\/vcb\/vocab\/skos\/1837","https:\/\/adm.senado.leg.br\/vcb\/vocab\/skos\/6819","https:\/\/adm.senado.leg.br\/vcb\/vocab\/skos\/7555","https:\/\/adm.senado.leg.br\/vcb\/vocab\/skos\/12270","https:\/\/adm.senado.leg.br\/vcb\/vocab\/skos\/12306","https:\/\/adm.senado.leg.br\/vcb\/vocab\/skos\/10678","https:\/\/adm.senado.leg.br\/vcb\/vocab\/skos\/12307","https:\/\/adm.senado.leg.br\/vcb\/vocab\/skos\/12308","https:\/\/adm.senado.leg.br\/vcb\/vocab\/skos\/12309","https:\/\/adm.senado.leg.br\/vcb\/vocab\/skos\/12310","https:\/\/adm.senado.leg.br\/vcb\/vocab\/skos\/12274","https:\/\/adm.senado.leg.br\/vcb\/vocab\/skos\/12311","https:\/\/adm.senado.leg.br\/vcb\/vocab\/skos\/12312","https:\/\/adm.senado.leg.br\/vcb\/vocab\/skos\/209","https:\/\/adm.senado.leg.br\/vcb\/vocab\/skos\/12313","https:\/\/adm.senado.leg.br\/vcb\/vocab\/skos\/12314","https:\/\/adm.senado.leg.br\/vcb\/vocab\/skos\/1427","https:\/\/adm.senado.leg.br\/vcb\/vocab\/skos\/12315"],"skos:broader":["https:\/\/adm.senado.leg.br\/vcb\/vocab\/skos\/1936"],"skos:altLabel":[{"language":"pt-BR","value":"Doen\u00e7a contagiosa"},{"language":"pt-BR","value":"Doen\u00e7a infecciosa"},{"language":"pt-BR","value":"Doen\u00e7a infectocontagiosa"},{"language":"pt-BR","value":"Doen\u00e7as contagiosas"},{"language":"pt-BR","value":"Doen\u00e7as infecciosas"},{"language":"pt-BR","value":"Doen\u00e7as infectocontagiosas"},{"language":"pt-BR","value":"Doen\u00e7as Quarenten\u00e1rias"},{"language":"pt-BR","value":"Enfermidade transmiss\u00edvel"},{"language":"pt-BR","value":"Enfermidades transmiss\u00edveis"}],"skos:related":["https:\/\/adm.senado.leg.br\/vcb\/vocab\/skos\/12303","https:\/\/adm.senado.leg.br\/vcb\/vocab\/skos\/79","https:\/\/adm.senado.leg.br\/vcb\/vocab\/skos\/12304","https:\/\/adm.senado.leg.br\/vcb\/vocab\/skos\/12305"]}