{"@context":{"dc":"http:\/\/purl.org\/dc\/elements\/1.1\/","skos":"http:\/\/www.w3.org\/2004\/02\/skos\/core#","skos:broader":{"@type":"@id"},"skos:inScheme":{"@type":"@id"},"skos:related":{"@type":"@id"},"skos:narrower":{"@type":"@id"},"skos:hasTopConcept":{"@type":"@id"},"skos:topConceptOf":{"@type":"@id"}},"@id":"https:\/\/adm.senado.leg.br\/vcb\/vocab\/skos\/184","@type":"skos:Concept","skos:prefLabel":{"@language":"pt-BR","@value=":"Aborto"},"skos:inScheme":"https:\/\/adm.senado.leg.br\/vcb\/vocab\/","dct:created":"2020-09-18 17:42:56","skos:definition":[{"@lang":"ab","@value":"Interrup\u00e7\u00e3o da gravidez pela morte do feto ou embri\u00e3o, junto com os anexos ovulares. Pode ser espont\u00e2neo (aborto espont\u00e2neo, tamb\u00e9m conhecido como \"miscarriage\" em ingl\u00eas) ou provocado (aborto induzido). O feto expulso com menos de 0,5 kg ou 20 semanas de gesta\u00e7\u00e3o \u00e9 considerado abortado (feto abortado). "}],"skos:narrower":["https:\/\/adm.senado.leg.br\/vcb\/vocab\/skos\/194","https:\/\/adm.senado.leg.br\/vcb\/vocab\/skos\/29151","https:\/\/adm.senado.leg.br\/vcb\/vocab\/skos\/29158","https:\/\/adm.senado.leg.br\/vcb\/vocab\/skos\/29159","https:\/\/adm.senado.leg.br\/vcb\/vocab\/skos\/29155"],"skos:broader":["https:\/\/adm.senado.leg.br\/vcb\/vocab\/skos\/192","https:\/\/adm.senado.leg.br\/vcb\/vocab\/skos\/193"],"skos:related":["https:\/\/adm.senado.leg.br\/vcb\/vocab\/skos\/185","https:\/\/adm.senado.leg.br\/vcb\/vocab\/skos\/186","https:\/\/adm.senado.leg.br\/vcb\/vocab\/skos\/187","https:\/\/adm.senado.leg.br\/vcb\/vocab\/skos\/188","https:\/\/adm.senado.leg.br\/vcb\/vocab\/skos\/189","https:\/\/adm.senado.leg.br\/vcb\/vocab\/skos\/190","https:\/\/adm.senado.leg.br\/vcb\/vocab\/skos\/191"]}