{"@context":{"dc":"http:\/\/purl.org\/dc\/elements\/1.1\/","skos":"http:\/\/www.w3.org\/2004\/02\/skos\/core#","skos:broader":{"@type":"@id"},"skos:inScheme":{"@type":"@id"},"skos:related":{"@type":"@id"},"skos:narrower":{"@type":"@id"},"skos:hasTopConcept":{"@type":"@id"},"skos:topConceptOf":{"@type":"@id"}},"@id":"https:\/\/adm.senado.leg.br\/vcb\/vocab\/skos\/1849","@type":"skos:Concept","skos:prefLabel":{"@language":"pt-BR","@value=":"Refugiado ambiental"},"skos:inScheme":"https:\/\/adm.senado.leg.br\/vcb\/vocab\/","dct:created":"2020-09-18 17:43:02","skos:definition":[{"@lang":"ab","@value":"Refere-se a pessoas que fugiram de suas casas por causa de mudan\u00e7as ambientais que tornaram suas vidas amea\u00e7adas ou insustent\u00e1veis. Em alguns casos, estas pessoas encontraram novos lugares para viver em seus pr\u00f3prios pa\u00edses. Em outros casos, elas devem mudar de um pa\u00eds para outro buscando ref\u00fagio.$vDicion\u00e1rio de direitos humanos "}],"skos:broader":["https:\/\/adm.senado.leg.br\/vcb\/vocab\/skos\/1848"],"skos:altLabel":[{"language":"pt-BR","value":"Refugiados ambientais"}],"skos:related":["https:\/\/adm.senado.leg.br\/vcb\/vocab\/skos\/1847","https:\/\/adm.senado.leg.br\/vcb\/vocab\/skos\/756","https:\/\/adm.senado.leg.br\/vcb\/vocab\/skos\/11492"]}