{"@context":{"dc":"http:\/\/purl.org\/dc\/elements\/1.1\/","skos":"http:\/\/www.w3.org\/2004\/02\/skos\/core#","skos:broader":{"@type":"@id"},"skos:inScheme":{"@type":"@id"},"skos:related":{"@type":"@id"},"skos:narrower":{"@type":"@id"},"skos:hasTopConcept":{"@type":"@id"},"skos:topConceptOf":{"@type":"@id"}},"@id":"https:\/\/adm.senado.leg.br\/vcb\/vocab\/skos\/187","@type":"skos:Concept","skos:prefLabel":{"@language":"pt-BR","@value=":"Direito \u00e0 vida"},"skos:inScheme":"https:\/\/adm.senado.leg.br\/vcb\/vocab\/","dct:created":"2020-09-18 17:42:56","skos:definition":[{"@lang":"ab","@value":"O direito \u00e0 vida, protegido pela Constitui\u00e7\u00e3o Federal, \u00e9 um pressuposto para o exerc\u00edcio dos demais direitos fundamentais previstos pelo ordenamento jur\u00eddico. "}],"skos:editorialNote":[{"@lang":"ab","@value":"341.272 "}],"skos:narrower":["https:\/\/adm.senado.leg.br\/vcb\/vocab\/skos\/11201"],"skos:broader":["https:\/\/adm.senado.leg.br\/vcb\/vocab\/skos\/11317"],"skos:altLabel":[{"language":"pt-BR","value":"Direito \u00e0 exist\u00eancia"},{"language":"pt-BR","value":"Direito de respeito \u00e0 vida"},{"language":"pt-BR","value":"Vida humana"}],"skos:related":["https:\/\/adm.senado.leg.br\/vcb\/vocab\/skos\/184","https:\/\/adm.senado.leg.br\/vcb\/vocab\/skos\/194","https:\/\/adm.senado.leg.br\/vcb\/vocab\/skos\/5316","https:\/\/adm.senado.leg.br\/vcb\/vocab\/skos\/1348","https:\/\/adm.senado.leg.br\/vcb\/vocab\/skos\/5344","https:\/\/adm.senado.leg.br\/vcb\/vocab\/skos\/9789","https:\/\/adm.senado.leg.br\/vcb\/vocab\/skos\/199","https:\/\/adm.senado.leg.br\/vcb\/vocab\/skos\/11330"]}