{"@context":{"dc":"http:\/\/purl.org\/dc\/elements\/1.1\/","skos":"http:\/\/www.w3.org\/2004\/02\/skos\/core#","skos:broader":{"@type":"@id"},"skos:inScheme":{"@type":"@id"},"skos:related":{"@type":"@id"},"skos:narrower":{"@type":"@id"},"skos:hasTopConcept":{"@type":"@id"},"skos:topConceptOf":{"@type":"@id"}},"@id":"https:\/\/adm.senado.leg.br\/vcb\/vocab\/skos\/18832","@type":"skos:Concept","skos:prefLabel":{"@language":"pt-BR","@value=":"Inform\u00e1tica m\u00e9dica"},"skos:inScheme":"https:\/\/adm.senado.leg.br\/vcb\/vocab\/","dct:created":"2020-09-18 17:46:13","skos:definition":[{"@lang":"ab","@value":"O campo da ci\u00eancia de informa\u00e7\u00e3o preocupado com a an\u00e1lise e dissemina\u00e7\u00e3o de dados m\u00e9dicos atrav\u00e9s da aplica\u00e7\u00e3o de computadores para v\u00e1rios aspectos dos cuidados de sa\u00fade e da medicina.$vDECs "}],"skos:narrower":["https:\/\/adm.senado.leg.br\/vcb\/vocab\/skos\/18830","https:\/\/adm.senado.leg.br\/vcb\/vocab\/skos\/18841"],"skos:broader":["https:\/\/adm.senado.leg.br\/vcb\/vocab\/skos\/690"],"skos:altLabel":[{"language":"pt-BR","value":"Ci\u00eancia da Computa\u00e7\u00e3o M\u00e9dica"},{"language":"pt-BR","value":"Ci\u00eancia da informa\u00e7\u00e3o m\u00e9dica"},{"language":"pt-BR","value":"Computa\u00e7\u00e3o M\u00e9dica"},{"language":"pt-BR","value":"Inform\u00e1tica cl\u00ednica"},{"language":"pt-BR","value":"Inform\u00e1tica em Sa\u00fade"},{"language":"pt-BR","value":"Medicina, aplica\u00e7\u00e3o de computador"},{"language":"pt-BR","value":"Tecnologia da Informa\u00e7\u00e3o em Sa\u00fade"},{"language":"pt-BR","value":"Tecnologia de Informa\u00e7\u00e3o em Sa\u00fade"},{"language":"pt-BR","value":"Tecnologia de Informa\u00e7\u00e3o M\u00e9dica"}],"skos:related":["https:\/\/adm.senado.leg.br\/vcb\/vocab\/skos\/13164"]}