{"@context":{"dc":"http:\/\/purl.org\/dc\/elements\/1.1\/","skos":"http:\/\/www.w3.org\/2004\/02\/skos\/core#","skos:broader":{"@type":"@id"},"skos:inScheme":{"@type":"@id"},"skos:related":{"@type":"@id"},"skos:narrower":{"@type":"@id"},"skos:hasTopConcept":{"@type":"@id"},"skos:topConceptOf":{"@type":"@id"}},"@id":"https:\/\/adm.senado.leg.br\/vcb\/vocab\/skos\/18836","@type":"skos:Concept","skos:prefLabel":{"@language":"pt-BR","@value=":"Infraestrutura escolar"},"skos:inScheme":"https:\/\/adm.senado.leg.br\/vcb\/vocab\/","dct:created":"2020-09-18 17:46:13","dct:modified":"2021-10-23 18:09:37","skos:definition":[{"@lang":"pt-BR","@value":"A infraestrutura escolar envolve tanto o espa\u00e7o f\u00edsico da escola, como salas de aula, quadra de esportes, biblioteca, refeit\u00f3rio, p\u00e1tio, entre outros, quanto os recursos materiais e humanos.$uhttps:\/\/sae.digital\/infraestrutura-escolar\/ "}],"skos:narrower":["https:\/\/adm.senado.leg.br\/vcb\/vocab\/skos\/3222","https:\/\/adm.senado.leg.br\/vcb\/vocab\/skos\/5202","https:\/\/adm.senado.leg.br\/vcb\/vocab\/skos\/13545","https:\/\/adm.senado.leg.br\/vcb\/vocab\/skos\/6631","https:\/\/adm.senado.leg.br\/vcb\/vocab\/skos\/2912"],"skos:broader":["https:\/\/adm.senado.leg.br\/vcb\/vocab\/skos\/1951"],"skos:altLabel":[{"language":"pt-BR","value":"Caracteriza\u00e7\u00e3o f\u00edsica da escola"},{"language":"pt-BR","value":"Infra-estrutura escolar"},{"language":"pt-BR","value":"Infraestrutura da escola"}],"skos:related":["https:\/\/adm.senado.leg.br\/vcb\/vocab\/skos\/1090","https:\/\/adm.senado.leg.br\/vcb\/vocab\/skos\/2054","https:\/\/adm.senado.leg.br\/vcb\/vocab\/skos\/6057","https:\/\/adm.senado.leg.br\/vcb\/vocab\/skos\/4026","https:\/\/adm.senado.leg.br\/vcb\/vocab\/skos\/11906","https:\/\/adm.senado.leg.br\/vcb\/vocab\/skos\/3250","https:\/\/adm.senado.leg.br\/vcb\/vocab\/skos\/16115","https:\/\/adm.senado.leg.br\/vcb\/vocab\/skos\/19933","https:\/\/adm.senado.leg.br\/vcb\/vocab\/skos\/5652","https:\/\/adm.senado.leg.br\/vcb\/vocab\/skos\/10531","https:\/\/adm.senado.leg.br\/vcb\/vocab\/skos\/13634","https:\/\/adm.senado.leg.br\/vcb\/vocab\/skos\/13572","https:\/\/adm.senado.leg.br\/vcb\/vocab\/skos\/13546"]}