{"@context":{"dc":"http:\/\/purl.org\/dc\/elements\/1.1\/","skos":"http:\/\/www.w3.org\/2004\/02\/skos\/core#","skos:broader":{"@type":"@id"},"skos:inScheme":{"@type":"@id"},"skos:related":{"@type":"@id"},"skos:narrower":{"@type":"@id"},"skos:hasTopConcept":{"@type":"@id"},"skos:topConceptOf":{"@type":"@id"}},"@id":"https:\/\/adm.senado.leg.br\/vcb\/vocab\/skos\/19033","@type":"skos:Concept","skos:prefLabel":{"@language":"pt-BR","@value=":"Intelig\u00eancia emocional"},"skos:inScheme":"https:\/\/adm.senado.leg.br\/vcb\/vocab\/","dct:created":"2020-09-18 17:46:17","skos:definition":[{"@lang":"ab","@value":"Capacidade de identificar nossos pr\u00f3prios sentimentos e dos outros, de motivar a n\u00f3s mesmos e de gerenciar bem as emo\u00e7\u00f5es dentro de n\u00f3s e em nossos relacionamentos (GOLEMAN, 1999. p. 331) "}],"skos:broader":["https:\/\/adm.senado.leg.br\/vcb\/vocab\/skos\/9687"]}