{"@context":{"dc":"http:\/\/purl.org\/dc\/elements\/1.1\/","skos":"http:\/\/www.w3.org\/2004\/02\/skos\/core#","skos:broader":{"@type":"@id"},"skos:inScheme":{"@type":"@id"},"skos:related":{"@type":"@id"},"skos:narrower":{"@type":"@id"},"skos:hasTopConcept":{"@type":"@id"},"skos:topConceptOf":{"@type":"@id"}},"@id":"https:\/\/adm.senado.leg.br\/vcb\/vocab\/skos\/19087","@type":"skos:Concept","skos:prefLabel":{"@language":"pt-BR","@value=":"Mat\u00e9ria de ordem p\u00fablica"},"skos:inScheme":"https:\/\/adm.senado.leg.br\/vcb\/vocab\/","dct:created":"2020-09-18 17:46:17","skos:definition":[{"@lang":"ab","@value":"S\u00e3o aquelas que refletem o interesse de toda a sociedade e, dessa forma, s\u00e3o imperativos que norteiam uma correta presta\u00e7\u00e3o jurisdicional, que devem ser analisadas de of\u00edcio pelo julgador, independente de pedido expresso das partes.$vMIRANDA, Gladson Rog\u00e9rio de Oliveira. Prequestionamento nas quest\u00f5es de ordem p\u00fablica. Jus Navigandi, Teresina, ano 8, n. 174, dez. 2003. "}],"skos:altLabel":[{"language":"pt-BR","value":"Quest\u00e3o de ordem p\u00fablica"}],"skos:related":["https:\/\/adm.senado.leg.br\/vcb\/vocab\/skos\/1399","https:\/\/adm.senado.leg.br\/vcb\/vocab\/skos\/11691"]}