{"@context":{"dc":"http:\/\/purl.org\/dc\/elements\/1.1\/","skos":"http:\/\/www.w3.org\/2004\/02\/skos\/core#","skos:broader":{"@type":"@id"},"skos:inScheme":{"@type":"@id"},"skos:related":{"@type":"@id"},"skos:narrower":{"@type":"@id"},"skos:hasTopConcept":{"@type":"@id"},"skos:topConceptOf":{"@type":"@id"}},"@id":"https:\/\/adm.senado.leg.br\/vcb\/vocab\/skos\/19170","@type":"skos:Concept","skos:prefLabel":{"@language":"pt-BR","@value=":"\u00d4nus da prova"},"skos:inScheme":"https:\/\/adm.senado.leg.br\/vcb\/vocab\/","dct:created":"2020-09-18 17:46:19","skos:definition":[{"@lang":"ab","@value":"\u00d4nus de provar fatos ou alega\u00e7\u00f5es em um procedimento jur\u00eddico. A parte que det\u00e9m o \u00f4nus da prova tem que demonstrar os fatos constitutivos de sua alega\u00e7\u00e3o em um determinado momento do procedimento e deve ser a primeira parte a apresentar as provas.$vGloss\u00e1rio de termos do com\u00e9rcio internacional com \u00eanfase na OMC. "}],"skos:editorialNote":[{"@lang":"ab","@value":"341.464 "}],"skos:narrower":["https:\/\/adm.senado.leg.br\/vcb\/vocab\/skos\/21252","https:\/\/adm.senado.leg.br\/vcb\/vocab\/skos\/21253","https:\/\/adm.senado.leg.br\/vcb\/vocab\/skos\/19173"],"skos:broader":["https:\/\/adm.senado.leg.br\/vcb\/vocab\/skos\/4738"],"skos:altLabel":[{"language":"pt-BR","value":"\u00d4nus de prova"},{"language":"pt-BR","value":"\u00d4nus probat\u00f3rio"}],"skos:related":["https:\/\/adm.senado.leg.br\/vcb\/vocab\/skos\/19169","https:\/\/adm.senado.leg.br\/vcb\/vocab\/skos\/19171","https:\/\/adm.senado.leg.br\/vcb\/vocab\/skos\/28299","https:\/\/adm.senado.leg.br\/vcb\/vocab\/skos\/10110","https:\/\/adm.senado.leg.br\/vcb\/vocab\/skos\/21251"]}