{"@context":{"dc":"http:\/\/purl.org\/dc\/elements\/1.1\/","skos":"http:\/\/www.w3.org\/2004\/02\/skos\/core#","skos:broader":{"@type":"@id"},"skos:inScheme":{"@type":"@id"},"skos:related":{"@type":"@id"},"skos:narrower":{"@type":"@id"},"skos:hasTopConcept":{"@type":"@id"},"skos:topConceptOf":{"@type":"@id"}},"@id":"https:\/\/adm.senado.leg.br\/vcb\/vocab\/skos\/19250","@type":"skos:Concept","skos:prefLabel":{"@language":"pt-BR","@value=":"Simples nacional"},"skos:inScheme":"https:\/\/adm.senado.leg.br\/vcb\/vocab\/","dct:created":"2020-09-18 17:46:20","skos:definition":[{"@lang":"ab","@value":"Regime compartilhado de arrecada\u00e7\u00e3o, cobran\u00e7a e fiscaliza\u00e7\u00e3o de tributos aplic\u00e1vel \u00e0s Microempresas e Empresas de Pequeno Porte, previsto na Lei Complementar n\u00ba 123, de 14 de dezembro de 2006.$vRECEITA FEDERAL DO BRASIL. O que \u00e9 Simples Nacional? "}],"skos:editorialNote":[{"@lang":"pt-BR","@value":"341.3962 "}],"skos:broader":["https:\/\/adm.senado.leg.br\/vcb\/vocab\/skos\/2564"],"skos:altLabel":[{"language":"pt-BR","value":"Simples"},{"language":"pt-BR","value":"Supersimples"}],"skos:related":["https:\/\/adm.senado.leg.br\/vcb\/vocab\/skos\/9151","https:\/\/adm.senado.leg.br\/vcb\/vocab\/skos\/2563","https:\/\/adm.senado.leg.br\/vcb\/vocab\/skos\/28213","https:\/\/adm.senado.leg.br\/vcb\/vocab\/skos\/16434","https:\/\/adm.senado.leg.br\/vcb\/vocab\/skos\/7482","https:\/\/adm.senado.leg.br\/vcb\/vocab\/skos\/12903","https:\/\/adm.senado.leg.br\/vcb\/vocab\/skos\/23599","https:\/\/adm.senado.leg.br\/vcb\/vocab\/skos\/8703","https:\/\/adm.senado.leg.br\/vcb\/vocab\/skos\/20579","https:\/\/adm.senado.leg.br\/vcb\/vocab\/skos\/2116"]}