{"@context":{"dc":"http:\/\/purl.org\/dc\/elements\/1.1\/","skos":"http:\/\/www.w3.org\/2004\/02\/skos\/core#","skos:broader":{"@type":"@id"},"skos:inScheme":{"@type":"@id"},"skos:related":{"@type":"@id"},"skos:narrower":{"@type":"@id"},"skos:hasTopConcept":{"@type":"@id"},"skos:topConceptOf":{"@type":"@id"}},"@id":"https:\/\/adm.senado.leg.br\/vcb\/vocab\/skos\/1937","@type":"skos:Concept","skos:prefLabel":{"@language":"pt-BR","@value=":"Alergologia e imunologia"},"skos:inScheme":"https:\/\/adm.senado.leg.br\/vcb\/vocab\/","dct:created":"2020-09-18 17:43:02","dct:modified":"2021-04-09 10:25:59","skos:definition":[{"@lang":"pt-BR","@value":"Especialidade m\u00e9dica que lida com a hipersensibilidade dos indiv\u00edduos a subst\u00e2ncias estranhas e prote\u00e7\u00e3o contra a infec\u00e7\u00e3o ou o dist\u00farbio resultante.$vDeCS "}],"skos:broader":["https:\/\/adm.senado.leg.br\/vcb\/vocab\/skos\/16167","https:\/\/adm.senado.leg.br\/vcb\/vocab\/skos\/2495"],"skos:altLabel":[{"language":"pt-BR","value":"Alergoimunologia"},{"language":"pt-BR","value":"Alergologia"},{"language":"pt-BR","value":"Alergologia e imunologia cl\u00ednica"},{"language":"pt-BR","value":"Imunoalergologia"},{"language":"pt-BR","value":"Imunologia"},{"language":"pt-BR","value":"Imunologia e Alergologia"}],"skos:related":["https:\/\/adm.senado.leg.br\/vcb\/vocab\/skos\/1935","https:\/\/adm.senado.leg.br\/vcb\/vocab\/skos\/2623"]}