{"@context":{"dc":"http:\/\/purl.org\/dc\/elements\/1.1\/","skos":"http:\/\/www.w3.org\/2004\/02\/skos\/core#","skos:broader":{"@type":"@id"},"skos:inScheme":{"@type":"@id"},"skos:related":{"@type":"@id"},"skos:narrower":{"@type":"@id"},"skos:hasTopConcept":{"@type":"@id"},"skos:topConceptOf":{"@type":"@id"}},"@id":"https:\/\/adm.senado.leg.br\/vcb\/vocab\/skos\/19442","@type":"skos:Concept","skos:prefLabel":{"@language":"pt-BR","@value=":"Justi\u00e7a estadual"},"skos:inScheme":"https:\/\/adm.senado.leg.br\/vcb\/vocab\/","dct:created":"2020-09-18 17:46:23","skos:scopeNote":[{"@lang":"ab","@value":"Composta por 27 tribunais de justi\u00e7a dos Estados, ou seja, cada unidade da federa\u00e7\u00e3o possui o seu. Exercem ainda o poder judici\u00e1rio estadual, as comarcas que agregam um pequeno n\u00famero de munic\u00edpios, bem como o munic\u00edpio-sede, tendo em vista que nenhuma cidade conta com o poder judici\u00e1rio independente.$uhttps:\/\/www.cnj.jus.br\/cnj-servico-o-que-e-justica-comum-e-a-justica-especializada\/ "}],"skos:editorialNote":[{"@lang":"ab","@value":"341.41925 "}],"skos:narrower":["https:\/\/adm.senado.leg.br\/vcb\/vocab\/skos\/19449"],"skos:broader":["https:\/\/adm.senado.leg.br\/vcb\/vocab\/skos\/19441"],"skos:related":["https:\/\/adm.senado.leg.br\/vcb\/vocab\/skos\/19359","https:\/\/adm.senado.leg.br\/vcb\/vocab\/skos\/384","https:\/\/adm.senado.leg.br\/vcb\/vocab\/skos\/459","https:\/\/adm.senado.leg.br\/vcb\/vocab\/skos\/19381","https:\/\/adm.senado.leg.br\/vcb\/vocab\/skos\/1257"]}