{"@context":{"dc":"http:\/\/purl.org\/dc\/elements\/1.1\/","skos":"http:\/\/www.w3.org\/2004\/02\/skos\/core#","skos:broader":{"@type":"@id"},"skos:inScheme":{"@type":"@id"},"skos:related":{"@type":"@id"},"skos:narrower":{"@type":"@id"},"skos:hasTopConcept":{"@type":"@id"},"skos:topConceptOf":{"@type":"@id"}},"@id":"https:\/\/adm.senado.leg.br\/vcb\/vocab\/skos\/19475","@type":"skos:Concept","skos:prefLabel":{"@language":"pt-BR","@value=":"Rec\u00e9m-nascido"},"skos:inScheme":"https:\/\/adm.senado.leg.br\/vcb\/vocab\/","dct:created":"2020-09-18 17:46:24","skos:definition":[{"@lang":"ab","@value":"Lactente durante os primeiros 28 dias ap\u00f3s o nascimento. "}],"skos:broader":["https:\/\/adm.senado.leg.br\/vcb\/vocab\/skos\/1932"],"skos:altLabel":[{"language":"pt-BR","value":"Crian\u00e7a Rec\u00e9m-Nascida"},{"language":"pt-BR","value":"Crian\u00e7as Rec\u00e9m Nascidas"},{"language":"pt-BR","value":"Lactente Rec\u00e9m-Nascido"},{"language":"pt-BR","value":"Neonato"},{"language":"pt-BR","value":"Neonatos"},{"language":"pt-BR","value":"Rec\u00e9m-nascidos"}]}