{"@context":{"dc":"http:\/\/purl.org\/dc\/elements\/1.1\/","skos":"http:\/\/www.w3.org\/2004\/02\/skos\/core#","skos:broader":{"@type":"@id"},"skos:inScheme":{"@type":"@id"},"skos:related":{"@type":"@id"},"skos:narrower":{"@type":"@id"},"skos:hasTopConcept":{"@type":"@id"},"skos:topConceptOf":{"@type":"@id"}},"@id":"https:\/\/adm.senado.leg.br\/vcb\/vocab\/skos\/1949","@type":"skos:Concept","skos:prefLabel":{"@language":"pt-BR","@value=":"Classe de alfabetiza\u00e7\u00e3o"},"skos:inScheme":"https:\/\/adm.senado.leg.br\/vcb\/vocab\/","dct:created":"2020-09-18 17:43:02","skos:definition":[{"@lang":"ab","@value":"Conjunto de alunos que s\u00e3o reunidos em sala de aula para aprendizagem da leitura e da escrita, durante um semestre ou um ano letivo; formalmente as CAs n\u00e3o pertencem nem \u00e0 Educa\u00e7\u00e3o Infantil nem ao Ensino Fundamental e encontram-se em fase de extin\u00e7\u00e3o.$vANU\u00c1RIO Brasileiro da Educa\u00e7\u00e3o B\u00e1sica. S\u00e3o Paulo: Moderna, 2013. "}],"skos:altLabel":[{"language":"pt-BR","value":"CA"}],"skos:related":["https:\/\/adm.senado.leg.br\/vcb\/vocab\/skos\/1945"]}