{"@context":{"dc":"http:\/\/purl.org\/dc\/elements\/1.1\/","skos":"http:\/\/www.w3.org\/2004\/02\/skos\/core#","skos:broader":{"@type":"@id"},"skos:inScheme":{"@type":"@id"},"skos:related":{"@type":"@id"},"skos:narrower":{"@type":"@id"},"skos:hasTopConcept":{"@type":"@id"},"skos:topConceptOf":{"@type":"@id"}},"@id":"https:\/\/adm.senado.leg.br\/vcb\/vocab\/skos\/1950","@type":"skos:Concept","skos:prefLabel":{"@language":"pt-BR","@value=":"Educa\u00e7\u00e3o de base"},"skos:inScheme":"https:\/\/adm.senado.leg.br\/vcb\/vocab\/","dct:created":"2020-09-18 17:43:02","skos:definition":[{"@lang":"ab","@value":"1. Educa\u00e7\u00e3o que proporciona os conhecimentos m\u00ednimos para que o homem possa levar uma vida realmente humana. Educa\u00e7\u00e3o de Base \u00e9 primeira n\u00e3o apenas no tempo, mas \u00e9 primeira na medida em que \u00e9 a mais radical para o ser humano. 2. Processo de autoconsci\u00eancia sobre a realidade com o objetivo de para entend\u00ea-la e transform\u00e1-la al\u00e9m de valorizar plenamente o homem. 3. Forma\u00e7\u00e3o que possibilita a realiza\u00e7\u00e3o da pessoa naquilo que \u00e9 mais fundamental na vida humana: a pr\u00f3pria exig\u00eancia de humaniza\u00e7\u00e3o. \u00c9, portanto, a educa\u00e7\u00e3o que forma o homem na sua dignidade de pessoa humana. 4. M\u00ednimo de educa\u00e7\u00e3o que tem por fim ajudar as crian\u00e7as e os adultos privados da vantagem de uma educa\u00e7\u00e3o escolar, a compreenderem os problemas do meio em que vivem, a fazerem uma id\u00e9ia dos seus direitos e deveres, tanto coletivos como individuais, e a participarem mais eficazmente do progresso econ\u00f4mico e social da comunidade da qual fazem parte.$vTHESAURUS Brasileiro de Educa\u00e7\u00e3o. "}],"skos:narrower":["https:\/\/adm.senado.leg.br\/vcb\/vocab\/skos\/6896"],"skos:broader":["https:\/\/adm.senado.leg.br\/vcb\/vocab\/skos\/1951"],"skos:related":["https:\/\/adm.senado.leg.br\/vcb\/vocab\/skos\/1945","https:\/\/adm.senado.leg.br\/vcb\/vocab\/skos\/579","https:\/\/adm.senado.leg.br\/vcb\/vocab\/skos\/6658","https:\/\/adm.senado.leg.br\/vcb\/vocab\/skos\/12629","https:\/\/adm.senado.leg.br\/vcb\/vocab\/skos\/6589","https:\/\/adm.senado.leg.br\/vcb\/vocab\/skos\/1380"]}