{"@context":{"dc":"http:\/\/purl.org\/dc\/elements\/1.1\/","skos":"http:\/\/www.w3.org\/2004\/02\/skos\/core#","skos:broader":{"@type":"@id"},"skos:inScheme":{"@type":"@id"},"skos:related":{"@type":"@id"},"skos:narrower":{"@type":"@id"},"skos:hasTopConcept":{"@type":"@id"},"skos:topConceptOf":{"@type":"@id"}},"@id":"https:\/\/adm.senado.leg.br\/vcb\/vocab\/skos\/19557","@type":"skos:Concept","skos:prefLabel":{"@language":"pt-BR","@value=":"Substitui\u00e7\u00e3o processual"},"skos:inScheme":"https:\/\/adm.senado.leg.br\/vcb\/vocab\/","dct:created":"2020-09-18 17:46:25","skos:definition":[{"@lang":"ab","@value":"Quando algu\u00e9m litiga em nome pr\u00f3prio, defendendo, por\u00e9m, direito alheio. N\u00e3o se confunde com a representa\u00e7\u00e3o nem com a sucess\u00e3o. "}],"skos:editorialNote":[{"@lang":"ab","@value":"341.46214 "}],"skos:broader":["https:\/\/adm.senado.leg.br\/vcb\/vocab\/skos\/319"],"skos:related":["https:\/\/adm.senado.leg.br\/vcb\/vocab\/skos\/368","https:\/\/adm.senado.leg.br\/vcb\/vocab\/skos\/380","https:\/\/adm.senado.leg.br\/vcb\/vocab\/skos\/373","https:\/\/adm.senado.leg.br\/vcb\/vocab\/skos\/473","https:\/\/adm.senado.leg.br\/vcb\/vocab\/skos\/19098"]}