{"@context":{"dc":"http:\/\/purl.org\/dc\/elements\/1.1\/","skos":"http:\/\/www.w3.org\/2004\/02\/skos\/core#","skos:broader":{"@type":"@id"},"skos:inScheme":{"@type":"@id"},"skos:related":{"@type":"@id"},"skos:narrower":{"@type":"@id"},"skos:hasTopConcept":{"@type":"@id"},"skos:topConceptOf":{"@type":"@id"}},"@id":"https:\/\/adm.senado.leg.br\/vcb\/vocab\/skos\/1956","@type":"skos:Concept","skos:prefLabel":{"@language":"pt-BR","@value=":"S\u00edmbolo"},"skos:inScheme":"https:\/\/adm.senado.leg.br\/vcb\/vocab\/","dct:created":"2020-09-18 17:43:02","skos:definition":[{"@lang":"pt-BR","@value":"Termo que designa, no\u00a0contexto\u00a0hermen\u00eautico, o modo de funcionamento da\u00a0linguagem\u00a0que ,por n\u00e3o ser puramente un\u00edvoca, suscita uma necessidade de\u00a0interpreta\u00e7\u00e3o. S\u00e3o as express\u00f5es de duplo\u00a0sentido, e n\u00e3o a linguagem un\u00edvoca, o campo privilegiado da\u00a0hermen\u00eautica. O s\u00edmbolo refere a dupla intencionalidade da linguagem, lembra-nos P. Ricoeu.$uhttps:\/\/edtl.fcsh.unl.pt\/encyclopedia\/simbolo "}],"skos:narrower":["https:\/\/adm.senado.leg.br\/vcb\/vocab\/skos\/7210","https:\/\/adm.senado.leg.br\/vcb\/vocab\/skos\/24288"],"skos:broader":["https:\/\/adm.senado.leg.br\/vcb\/vocab\/skos\/2419"],"skos:altLabel":[{"language":"pt-BR","value":"Signo"},{"language":"pt-BR","value":"Sinais e s\u00edmbolos"}],"skos:related":["https:\/\/adm.senado.leg.br\/vcb\/vocab\/skos\/8050","https:\/\/adm.senado.leg.br\/vcb\/vocab\/skos\/2699","https:\/\/adm.senado.leg.br\/vcb\/vocab\/skos\/19786","https:\/\/adm.senado.leg.br\/vcb\/vocab\/skos\/19788","https:\/\/adm.senado.leg.br\/vcb\/vocab\/skos\/20195"]}