{"@context":{"dc":"http:\/\/purl.org\/dc\/elements\/1.1\/","skos":"http:\/\/www.w3.org\/2004\/02\/skos\/core#","skos:broader":{"@type":"@id"},"skos:inScheme":{"@type":"@id"},"skos:related":{"@type":"@id"},"skos:narrower":{"@type":"@id"},"skos:hasTopConcept":{"@type":"@id"},"skos:topConceptOf":{"@type":"@id"}},"@id":"https:\/\/adm.senado.leg.br\/vcb\/vocab\/skos\/1965","@type":"skos:Concept","skos:prefLabel":{"@language":"pt-BR","@value=":"Terminal alfandegado"},"skos:inScheme":"https:\/\/adm.senado.leg.br\/vcb\/vocab\/","dct:created":"2020-09-18 17:43:02","skos:definition":[{"@lang":"ab","@value":"Poder\u00e3o ser alfandegados os seguintes terminais para execu\u00e7\u00e3o de servi\u00e7os aduaneiros (Decreto-lei n\u00ba 1455\/76, art. 14).I - esta\u00e7\u00f5es de fronteira;II - centrais interiores;III - terminais retroportu\u00e1rios.$vBRASIL. Receita Federal. Terminais alfandegados. "}],"skos:narrower":["https:\/\/adm.senado.leg.br\/vcb\/vocab\/skos\/14767"],"skos:broader":["https:\/\/adm.senado.leg.br\/vcb\/vocab\/skos\/115"],"skos:altLabel":[{"language":"pt-BR","value":"Terminal alfandeg\u00e1rio"}],"skos:related":["https:\/\/adm.senado.leg.br\/vcb\/vocab\/skos\/1272","https:\/\/adm.senado.leg.br\/vcb\/vocab\/skos\/1500","https:\/\/adm.senado.leg.br\/vcb\/vocab\/skos\/13713"]}