{"@context":{"dc":"http:\/\/purl.org\/dc\/elements\/1.1\/","skos":"http:\/\/www.w3.org\/2004\/02\/skos\/core#","skos:broader":{"@type":"@id"},"skos:inScheme":{"@type":"@id"},"skos:related":{"@type":"@id"},"skos:narrower":{"@type":"@id"},"skos:hasTopConcept":{"@type":"@id"},"skos:topConceptOf":{"@type":"@id"}},"@id":"https:\/\/adm.senado.leg.br\/vcb\/vocab\/skos\/19741","@type":"skos:Concept","skos:prefLabel":{"@language":"pt-BR","@value=":"Licitante vencedor"},"skos:inScheme":"https:\/\/adm.senado.leg.br\/vcb\/vocab\/","dct:created":"2020-09-18 17:46:29","skos:broader":["https:\/\/adm.senado.leg.br\/vcb\/vocab\/skos\/1079"],"skos:altLabel":[{"language":"pt-BR","value":"Ganhador da licita\u00e7\u00e3o"},{"language":"pt-BR","value":"Licitante ganhador"},{"language":"pt-BR","value":"Vencedor da licita\u00e7\u00e3o"}],"skos:related":["https:\/\/adm.senado.leg.br\/vcb\/vocab\/skos\/8901","https:\/\/adm.senado.leg.br\/vcb\/vocab\/skos\/2292"]}