{"@context":{"dc":"http:\/\/purl.org\/dc\/elements\/1.1\/","skos":"http:\/\/www.w3.org\/2004\/02\/skos\/core#","skos:broader":{"@type":"@id"},"skos:inScheme":{"@type":"@id"},"skos:related":{"@type":"@id"},"skos:narrower":{"@type":"@id"},"skos:hasTopConcept":{"@type":"@id"},"skos:topConceptOf":{"@type":"@id"}},"@id":"https:\/\/adm.senado.leg.br\/vcb\/vocab\/skos\/19786","@type":"skos:Concept","skos:prefLabel":{"@language":"pt-BR","@value=":"L\u00edngua brasileira de sinais (Libras)"},"skos:inScheme":"https:\/\/adm.senado.leg.br\/vcb\/vocab\/","dct:created":"2020-09-18 17:46:29","skos:definition":[{"@lang":"pt-BR","@value":"A L\u00edngua Brasileira de Sinais (LIBRAS) \u00e9 utilizada por deficientes auditivos para a comunica\u00e7\u00e3o entre eles e entre surdos e ouvintes. "}],"skos:broader":["https:\/\/adm.senado.leg.br\/vcb\/vocab\/skos\/19788"],"skos:altLabel":[{"language":"pt-BR","value":"Libras"},{"language":"pt-BR","value":"Libras (l\u00edngua brasileira de sinais)"}],"skos:related":["https:\/\/adm.senado.leg.br\/vcb\/vocab\/skos\/1956"]}