{"@context":{"dc":"http:\/\/purl.org\/dc\/elements\/1.1\/","skos":"http:\/\/www.w3.org\/2004\/02\/skos\/core#","skos:broader":{"@type":"@id"},"skos:inScheme":{"@type":"@id"},"skos:related":{"@type":"@id"},"skos:narrower":{"@type":"@id"},"skos:hasTopConcept":{"@type":"@id"},"skos:topConceptOf":{"@type":"@id"}},"@id":"https:\/\/adm.senado.leg.br\/vcb\/vocab\/skos\/19922","@type":"skos:Concept","skos:prefLabel":{"@language":"pt-BR","@value=":"Teoria da pol\u00edtica comercial"},"skos:inScheme":"https:\/\/adm.senado.leg.br\/vcb\/vocab\/","dct:created":"2020-09-18 17:46:31","skos:definition":[{"@lang":"ab","@value":"A teoria positiva de pol\u00edtica comercial sugere que os produtores afetados pela competi\u00e7\u00e3o de produtos importados tendem a preferir a ado\u00e7\u00e3o de barreiras n\u00e3o tarif\u00e1rias \u00e0 imposi\u00e7\u00e3o de tarifas por pelo menos dois motivos: essas barreiras s\u00e3o mais dif\u00edceis de ser identificadas, portanto, menos sujeitas a retalia\u00e7\u00f5es, e s\u00e3o mais efetivas no controle das importa\u00e7\u00f5es, uma vez que independem da sensibilidade dom\u00e9stica aos pre\u00e7os (Corden, 1974).$uhttp:\/\/repositorio.ipea.gov.br\/bitstream\/11058\/8715\/1\/A%20Economia%20pol%C3%ADtica.pdf "}],"skos:narrower":["https:\/\/adm.senado.leg.br\/vcb\/vocab\/skos\/118","https:\/\/adm.senado.leg.br\/vcb\/vocab\/skos\/19920","https:\/\/adm.senado.leg.br\/vcb\/vocab\/skos\/27374"],"skos:broader":["https:\/\/adm.senado.leg.br\/vcb\/vocab\/skos\/12567"]}