{"@context":{"dc":"http:\/\/purl.org\/dc\/elements\/1.1\/","skos":"http:\/\/www.w3.org\/2004\/02\/skos\/core#","skos:broader":{"@type":"@id"},"skos:inScheme":{"@type":"@id"},"skos:related":{"@type":"@id"},"skos:narrower":{"@type":"@id"},"skos:hasTopConcept":{"@type":"@id"},"skos:topConceptOf":{"@type":"@id"}},"@id":"https:\/\/adm.senado.leg.br\/vcb\/vocab\/skos\/2003","@type":"skos:Concept","skos:prefLabel":{"@language":"pt-BR","@value=":"Aliena\u00e7\u00e3o compuls\u00f3ria de carteira"},"skos:inScheme":"https:\/\/adm.senado.leg.br\/vcb\/vocab\/","dct:created":"2020-09-18 17:43:02","skos:definition":[{"@lang":"ab","@value":"Transfer\u00eancia da Carteira motivada por determina\u00e7\u00e3o da Ag\u00eancia Nacional de Sa\u00fade Suplementar (ANS), por meio de decis\u00e3o da Diretoria Colegiada. Nota: ocorre mediante autoriza\u00e7\u00e3o pr\u00e9via da ANS e deve contemplar a totalidade da carteira, mesmo que para isso seja necess\u00e1ria a participa\u00e7\u00e3o de mais de uma operadora.$vBRASIL. Minist\u00e9rio da Sa\u00fade. Gloss\u00e1rio Tem\u00e1tico Sa\u00fade Suplementar. Bras\u00edlia, 2009. p. 20. "}],"skos:broader":["https:\/\/adm.senado.leg.br\/vcb\/vocab\/skos\/2004"],"skos:related":["https:\/\/adm.senado.leg.br\/vcb\/vocab\/skos\/835","https:\/\/adm.senado.leg.br\/vcb\/vocab\/skos\/836","https:\/\/adm.senado.leg.br\/vcb\/vocab\/skos\/2005"]}