{"@context":{"dc":"http:\/\/purl.org\/dc\/elements\/1.1\/","skos":"http:\/\/www.w3.org\/2004\/02\/skos\/core#","skos:broader":{"@type":"@id"},"skos:inScheme":{"@type":"@id"},"skos:related":{"@type":"@id"},"skos:narrower":{"@type":"@id"},"skos:hasTopConcept":{"@type":"@id"},"skos:topConceptOf":{"@type":"@id"}},"@id":"https:\/\/adm.senado.leg.br\/vcb\/vocab\/skos\/2008","@type":"skos:Concept","skos:prefLabel":{"@language":"pt-BR","@value=":"Sociedade de economia mista"},"skos:inScheme":"https:\/\/adm.senado.leg.br\/vcb\/vocab\/","dct:created":"2020-09-18 17:43:02","skos:definition":[{"@lang":"ab","@value":"Ente de direito privado, formado pela colabora\u00e7\u00e3o entre o Estado e particulares, visando a explora\u00e7\u00e3o da atividade econ\u00f4mica. Apesar da import\u00e2ncia da presen\u00e7a do Estado, que det\u00e9m a maioria das a\u00e7\u00f5es com direito a voto, esta sociedade se sujeita ao regime jur\u00eddico privado, n\u00e3o se beneficiando de isen\u00e7\u00f5es fiscais ou de foro privilegiado.$vBRASIL. Supremo Tribunal Federal. Gloss\u00e1rio. "}],"skos:editorialNote":[{"@lang":"ab","@value":"341.32261 "}],"skos:broader":["https:\/\/adm.senado.leg.br\/vcb\/vocab\/skos\/1240","https:\/\/adm.senado.leg.br\/vcb\/vocab\/skos\/3767"],"skos:altLabel":[{"language":"pt-BR","value":"Empresa de economia mista"}],"skos:related":["https:\/\/adm.senado.leg.br\/vcb\/vocab\/skos\/835","https:\/\/adm.senado.leg.br\/vcb\/vocab\/skos\/836","https:\/\/adm.senado.leg.br\/vcb\/vocab\/skos\/1239","https:\/\/adm.senado.leg.br\/vcb\/vocab\/skos\/2007","https:\/\/adm.senado.leg.br\/vcb\/vocab\/skos\/1241","https:\/\/adm.senado.leg.br\/vcb\/vocab\/skos\/1242","https:\/\/adm.senado.leg.br\/vcb\/vocab\/skos\/3746"]}