{"@context":{"dc":"http:\/\/purl.org\/dc\/elements\/1.1\/","skos":"http:\/\/www.w3.org\/2004\/02\/skos\/core#","skos:broader":{"@type":"@id"},"skos:inScheme":{"@type":"@id"},"skos:related":{"@type":"@id"},"skos:narrower":{"@type":"@id"},"skos:hasTopConcept":{"@type":"@id"},"skos:topConceptOf":{"@type":"@id"}},"@id":"https:\/\/adm.senado.leg.br\/vcb\/vocab\/skos\/2014","@type":"skos:Concept","skos:prefLabel":{"@language":"pt-BR","@value=":"Desestatiza\u00e7\u00e3o"},"skos:inScheme":"https:\/\/adm.senado.leg.br\/vcb\/vocab\/","dct:created":"2020-09-18 17:43:02","skos:definition":[{"@lang":"ab","@value":"Retirada da presen\u00e7a do Estado de atividades reservadas constitucionalmente \u00e0 iniciativa privada (princ\u00edpio da livre iniciativa) ou de setores em que ela possa atuar com maior efici\u00eancia (princ\u00edpio da economicidade); \u00e9 o g\u00eanero, do qual s\u00e3o esp\u00e9cies a privatiza\u00e7\u00e3o, a concess\u00e3o, a permiss\u00e3o, a terceiriza\u00e7\u00e3o e a gest\u00e3o associada de fun\u00e7\u00f5es p\u00fablicas.$vSOUTO, Marcos Juruena Villela. Desestatiza\u00e7\u00e3o: privatiza\u00e7\u00f5es, concess\u00f5es, terceiriza\u00e7\u00f5es e regula\u00e7\u00e3o. 4 ed., ver., atual e ampl. Rio de Janeiro: Lumens Juris, 2001. 870p. "},{"@lang":"ab","@value":"Transfer\u00eancia para a iniciativa privada, de participa\u00e7\u00f5es societ\u00e1rias e da execu\u00e7\u00e3o dos servi\u00e7os p\u00fablicos explorados pela Uni\u00e3o por interm\u00e9dio das entidades da Administra\u00e7\u00e3o p\u00fablica Federal "}],"skos:related":["https:\/\/adm.senado.leg.br\/vcb\/vocab\/skos\/2009","https:\/\/adm.senado.leg.br\/vcb\/vocab\/skos\/4137","https:\/\/adm.senado.leg.br\/vcb\/vocab\/skos\/6084","https:\/\/adm.senado.leg.br\/vcb\/vocab\/skos\/1562","https:\/\/adm.senado.leg.br\/vcb\/vocab\/skos\/1605","https:\/\/adm.senado.leg.br\/vcb\/vocab\/skos\/4138","https:\/\/adm.senado.leg.br\/vcb\/vocab\/skos\/409","https:\/\/adm.senado.leg.br\/vcb\/vocab\/skos\/8805","https:\/\/adm.senado.leg.br\/vcb\/vocab\/skos\/1567","https:\/\/adm.senado.leg.br\/vcb\/vocab\/skos\/10953"]}