{"@context":{"dc":"http:\/\/purl.org\/dc\/elements\/1.1\/","skos":"http:\/\/www.w3.org\/2004\/02\/skos\/core#","skos:broader":{"@type":"@id"},"skos:inScheme":{"@type":"@id"},"skos:related":{"@type":"@id"},"skos:narrower":{"@type":"@id"},"skos:hasTopConcept":{"@type":"@id"},"skos:topConceptOf":{"@type":"@id"}},"@id":"https:\/\/adm.senado.leg.br\/vcb\/vocab\/skos\/20140","@type":"skos:Concept","skos:prefLabel":{"@language":"pt-BR","@value=":"Tecnologia apropriada"},"skos:inScheme":"https:\/\/adm.senado.leg.br\/vcb\/vocab\/","dct:created":"2020-09-18 17:46:36","skos:definition":[{"@lang":"pt-BR","@value":"A\u00a0tecnologia apropriada\u00a0ou\u00a0tecnologia adequada\u00a0\u00e9 um movimento (e suas manifesta\u00e7\u00f5es) que abrange a escolha e a aplica\u00e7\u00e3o\u00a0tecnol\u00f3gica\u00a0em pequena escala, acess\u00edvel \u00e0 popula\u00e7\u00e3o local,\u00a0descentralizada, intensiva em termos de m\u00e3o de obra,\u00a0energeticamente eficiente,\u00a0ambientalmente sustent\u00e1vel\u00a0e\u00a0localmente aut\u00f4noma. Foi originalmente formulada como\u00a0tecnologia intermedi\u00e1ria\u00a0pelo economista\u00a0Ernst Friedrich \"Fritz\" Schumacher\u00a0em seu trabalho\u00a0Small Is Beautiful.$uhttps:\/\/pt.wikipedia.org\/wiki\/Tecnologia_apropriada "}],"skos:broader":["https:\/\/adm.senado.leg.br\/vcb\/vocab\/skos\/5426"],"skos:altLabel":[{"language":"pt-BR","value":"Tecnologia adaptada"},{"language":"pt-BR","value":"Tecnologia adequada"}],"skos:related":["https:\/\/adm.senado.leg.br\/vcb\/vocab\/skos\/13430","https:\/\/adm.senado.leg.br\/vcb\/vocab\/skos\/15300"]}