{"@context":{"dc":"http:\/\/purl.org\/dc\/elements\/1.1\/","skos":"http:\/\/www.w3.org\/2004\/02\/skos\/core#","skos:broader":{"@type":"@id"},"skos:inScheme":{"@type":"@id"},"skos:related":{"@type":"@id"},"skos:narrower":{"@type":"@id"},"skos:hasTopConcept":{"@type":"@id"},"skos:topConceptOf":{"@type":"@id"}},"@id":"https:\/\/adm.senado.leg.br\/vcb\/vocab\/skos\/2015","@type":"skos:Concept","skos:prefLabel":{"@language":"pt-BR","@value=":"Dispensa de licita\u00e7\u00e3o"},"skos:inScheme":"https:\/\/adm.senado.leg.br\/vcb\/vocab\/","dct:created":"2020-09-18 17:43:02","skos:definition":[{"@lang":"ab","@value":"Modalidade de contrata\u00e7\u00e3o direta por meio da qual a Administra\u00e7\u00e3o est\u00e1 desobrigada de realizar procedimento licitat\u00f3rio. Na dispensa de licita\u00e7\u00e3o, a competi\u00e7\u00e3o, embora poss\u00edvel, n\u00e3o \u00e9 obrigat\u00f3ria, em raz\u00e3o de outros princ\u00edpios que regem a atividade administrativa.$vBRASIL. Tribunal de Contas da Uni\u00e3o. Licita\u00e7\u00f5es e Contratos "}],"skos:editorialNote":[{"@lang":"ab","@value":"341.3527 "}],"skos:broader":["https:\/\/adm.senado.leg.br\/vcb\/vocab\/skos\/1078"],"skos:altLabel":[{"language":"pt-BR","value":"Licita\u00e7\u00e3o dispensada"},{"language":"pt-BR","value":"Licita\u00e7\u00e3o dispens\u00e1vel"},{"language":"pt-BR","value":"Licita\u00e7\u00e3o, dispensa"}],"skos:related":["https:\/\/adm.senado.leg.br\/vcb\/vocab\/skos\/2009","https:\/\/adm.senado.leg.br\/vcb\/vocab\/skos\/753","https:\/\/adm.senado.leg.br\/vcb\/vocab\/skos\/8254","https:\/\/adm.senado.leg.br\/vcb\/vocab\/skos\/8884","https:\/\/adm.senado.leg.br\/vcb\/vocab\/skos\/5852","https:\/\/adm.senado.leg.br\/vcb\/vocab\/skos\/9570","https:\/\/adm.senado.leg.br\/vcb\/vocab\/skos\/10918","https:\/\/adm.senado.leg.br\/vcb\/vocab\/skos\/1563","https:\/\/adm.senado.leg.br\/vcb\/vocab\/skos\/5855","https:\/\/adm.senado.leg.br\/vcb\/vocab\/skos\/8885","https:\/\/adm.senado.leg.br\/vcb\/vocab\/skos\/3470","https:\/\/adm.senado.leg.br\/vcb\/vocab\/skos\/11988","https:\/\/adm.senado.leg.br\/vcb\/vocab\/skos\/443","https:\/\/adm.senado.leg.br\/vcb\/vocab\/skos\/11989","https:\/\/adm.senado.leg.br\/vcb\/vocab\/skos\/8948","https:\/\/adm.senado.leg.br\/vcb\/vocab\/skos\/11990"]}