{"@context":{"dc":"http:\/\/purl.org\/dc\/elements\/1.1\/","skos":"http:\/\/www.w3.org\/2004\/02\/skos\/core#","skos:broader":{"@type":"@id"},"skos:inScheme":{"@type":"@id"},"skos:related":{"@type":"@id"},"skos:narrower":{"@type":"@id"},"skos:hasTopConcept":{"@type":"@id"},"skos:topConceptOf":{"@type":"@id"}},"@id":"https:\/\/adm.senado.leg.br\/vcb\/vocab\/skos\/203","@type":"skos:Concept","skos:prefLabel":{"@language":"pt-BR","@value=":"Crime contra a vida"},"skos:inScheme":"https:\/\/adm.senado.leg.br\/vcb\/vocab\/","dct:created":"2020-09-18 17:42:56","skos:definition":[{"@lang":"ab","@value":"Crime previsto no C\u00f3digo Penal brasileiro (Parte Especial, T\u00edtulo I, Cap\u00edtulo I). "}],"skos:editorialNote":[{"@lang":"ab","@value":"341.556 "}],"skos:narrower":["https:\/\/adm.senado.leg.br\/vcb\/vocab\/skos\/194","https:\/\/adm.senado.leg.br\/vcb\/vocab\/skos\/9853","https:\/\/adm.senado.leg.br\/vcb\/vocab\/skos\/9854","https:\/\/adm.senado.leg.br\/vcb\/vocab\/skos\/9855","https:\/\/adm.senado.leg.br\/vcb\/vocab\/skos\/9856","https:\/\/adm.senado.leg.br\/vcb\/vocab\/skos\/30090"],"skos:broader":["https:\/\/adm.senado.leg.br\/vcb\/vocab\/skos\/9706"]}