{"@context":{"dc":"http:\/\/purl.org\/dc\/elements\/1.1\/","skos":"http:\/\/www.w3.org\/2004\/02\/skos\/core#","skos:broader":{"@type":"@id"},"skos:inScheme":{"@type":"@id"},"skos:related":{"@type":"@id"},"skos:narrower":{"@type":"@id"},"skos:hasTopConcept":{"@type":"@id"},"skos:topConceptOf":{"@type":"@id"}},"@id":"https:\/\/adm.senado.leg.br\/vcb\/vocab\/skos\/20366","@type":"skos:Concept","skos:prefLabel":{"@language":"pt-BR","@value=":"Urg\u00eancia (pressuposto constitucional)"},"skos:inScheme":"https:\/\/adm.senado.leg.br\/vcb\/vocab\/","dct:created":"2020-09-18 17:46:42","skos:definition":[{"@lang":"ab","@value":"Um dos requisitos necess\u00e1rios para a edi\u00e7\u00e3o de medida provis\u00f3ria, ao lado da relev\u00e2ncia, conforme artigo 62 da CF\/88. \"Em caso de relev\u00e2ncia e urg\u00eancia, o Presidente da Rep\u00fablica poder\u00e1 adotar medidas provis\u00f3rias, com for\u00e7a de lei, devendo submet\u00ea-las de imediato ao Congresso Nacional.\" "}],"skos:related":["https:\/\/adm.senado.leg.br\/vcb\/vocab\/skos\/19530","https:\/\/adm.senado.leg.br\/vcb\/vocab\/skos\/23748"]}