{"@context":{"dc":"http:\/\/purl.org\/dc\/elements\/1.1\/","skos":"http:\/\/www.w3.org\/2004\/02\/skos\/core#","skos:broader":{"@type":"@id"},"skos:inScheme":{"@type":"@id"},"skos:related":{"@type":"@id"},"skos:narrower":{"@type":"@id"},"skos:hasTopConcept":{"@type":"@id"},"skos:topConceptOf":{"@type":"@id"}},"@id":"https:\/\/adm.senado.leg.br\/vcb\/vocab\/skos\/20368","@type":"skos:Concept","skos:prefLabel":{"@language":"pt-BR","@value=":"Presta\u00e7\u00e3o de servi\u00e7os \u00e0 comunidade"},"skos:inScheme":"https:\/\/adm.senado.leg.br\/vcb\/vocab\/","dct:created":"2020-09-18 17:46:42","skos:editorialNote":[{"@lang":"ab","@value":"341.544 "}],"skos:broader":["https:\/\/adm.senado.leg.br\/vcb\/vocab\/skos\/1351","https:\/\/adm.senado.leg.br\/vcb\/vocab\/skos\/19762"],"skos:related":["https:\/\/adm.senado.leg.br\/vcb\/vocab\/skos\/1350"]}