{"@context":{"dc":"http:\/\/purl.org\/dc\/elements\/1.1\/","skos":"http:\/\/www.w3.org\/2004\/02\/skos\/core#","skos:broader":{"@type":"@id"},"skos:inScheme":{"@type":"@id"},"skos:related":{"@type":"@id"},"skos:narrower":{"@type":"@id"},"skos:hasTopConcept":{"@type":"@id"},"skos:topConceptOf":{"@type":"@id"}},"@id":"https:\/\/adm.senado.leg.br\/vcb\/vocab\/skos\/2048","@type":"skos:Concept","skos:prefLabel":{"@language":"pt-BR","@value=":"Aliena\u00e7\u00e3o social"},"skos:inScheme":"https:\/\/adm.senado.leg.br\/vcb\/vocab\/","dct:created":"2020-09-18 17:43:02","skos:definition":[{"@lang":"ab","@value":"Aliena\u00e7\u00e3o social \u00e9 um termo que se refere \u00e0 maneira pela qual membros de uma sociedade tornam-se padronizados e perdem - ainda que parcialmente - seu senso cr\u00edtico. Dessa forma, surge como consequ\u00eancia o \"senso comum\", que \u00e9 um conjunto de cren\u00e7as e suposi\u00e7\u00f5es populares edificadas a partir da falta de reflex\u00f5es profundas. Ou seja, o senso comum \u00e9 o que torna tudo raso e sup\u00e9rfluo.$uhttp:\/\/www.acervofilosofico.com\/alienacao-social "}],"skos:narrower":["https:\/\/adm.senado.leg.br\/vcb\/vocab\/skos\/2047"],"skos:broader":["https:\/\/adm.senado.leg.br\/vcb\/vocab\/skos\/2052"],"skos:altLabel":[{"language":"pt-BR","value":"Aliena\u00e7\u00e3o (Psicologia social)"}],"skos:related":["https:\/\/adm.senado.leg.br\/vcb\/vocab\/skos\/1037","https:\/\/adm.senado.leg.br\/vcb\/vocab\/skos\/2051","https:\/\/adm.senado.leg.br\/vcb\/vocab\/skos\/1038"]}