{"@context":{"dc":"http:\/\/purl.org\/dc\/elements\/1.1\/","skos":"http:\/\/www.w3.org\/2004\/02\/skos\/core#","skos:broader":{"@type":"@id"},"skos:inScheme":{"@type":"@id"},"skos:related":{"@type":"@id"},"skos:narrower":{"@type":"@id"},"skos:hasTopConcept":{"@type":"@id"},"skos:topConceptOf":{"@type":"@id"}},"@id":"https:\/\/adm.senado.leg.br\/vcb\/vocab\/skos\/21063","@type":"skos:Concept","skos:prefLabel":{"@language":"pt-BR","@value=":"Normas internacionais do trabalho"},"skos:inScheme":"https:\/\/adm.senado.leg.br\/vcb\/vocab\/","dct:created":"2020-09-18 17:46:57","skos:definition":[{"@lang":"ab","@value":"Trata-se de quatro direitos \u201cfundamentais\u201d identificados pela OIT (ILO): liberdade de associa\u00e7\u00e3o, aboli\u00e7\u00e3o de trabalho for\u00e7ado, igualdade e erradica\u00e7\u00e3o do trabalho infantil. "}],"skos:editorialNote":[{"@lang":"ab","@value":"342.69 "}],"skos:narrower":["https:\/\/adm.senado.leg.br\/vcb\/vocab\/skos\/13408","https:\/\/adm.senado.leg.br\/vcb\/vocab\/skos\/11260"],"skos:broader":["https:\/\/adm.senado.leg.br\/vcb\/vocab\/skos\/2220"],"skos:altLabel":[{"language":"pt-BR","value":"Norma internacional do trabalho"}]}