{"@context":{"dc":"http:\/\/purl.org\/dc\/elements\/1.1\/","skos":"http:\/\/www.w3.org\/2004\/02\/skos\/core#","skos:broader":{"@type":"@id"},"skos:inScheme":{"@type":"@id"},"skos:related":{"@type":"@id"},"skos:narrower":{"@type":"@id"},"skos:hasTopConcept":{"@type":"@id"},"skos:topConceptOf":{"@type":"@id"}},"@id":"https:\/\/adm.senado.leg.br\/vcb\/vocab\/skos\/2120","@type":"skos:Concept","skos:prefLabel":{"@language":"pt-BR","@value=":"Elei\u00e7\u00e3o"},"skos:inScheme":"https:\/\/adm.senado.leg.br\/vcb\/vocab\/","dct:created":"2020-09-18 17:43:03","skos:definition":[{"@lang":"ab","@value":"Ato de conferir mandato p\u00fablico ou pol\u00edtico \u00e0quele que se elegeu.$vDINIZ, Maria Helena. Dicion\u00e1rio Jur\u00eddico. 3\u00aa ed. S\u00e3o Paulo, Editora Saraiva, 2008. "}],"skos:editorialNote":[{"@lang":"ab","@value":"341.2843 "}],"skos:narrower":["https:\/\/adm.senado.leg.br\/vcb\/vocab\/skos\/12786","https:\/\/adm.senado.leg.br\/vcb\/vocab\/skos\/12787","https:\/\/adm.senado.leg.br\/vcb\/vocab\/skos\/12788","https:\/\/adm.senado.leg.br\/vcb\/vocab\/skos\/7546","https:\/\/adm.senado.leg.br\/vcb\/vocab\/skos\/12789","https:\/\/adm.senado.leg.br\/vcb\/vocab\/skos\/6160","https:\/\/adm.senado.leg.br\/vcb\/vocab\/skos\/12790","https:\/\/adm.senado.leg.br\/vcb\/vocab\/skos\/7547","https:\/\/adm.senado.leg.br\/vcb\/vocab\/skos\/12791","https:\/\/adm.senado.leg.br\/vcb\/vocab\/skos\/30108","https:\/\/adm.senado.leg.br\/vcb\/vocab\/skos\/1626"],"skos:broader":["https:\/\/adm.senado.leg.br\/vcb\/vocab\/skos\/2705","https:\/\/adm.senado.leg.br\/vcb\/vocab\/skos\/465"],"skos:altLabel":[{"language":"pt-BR","value":"Elei\u00e7\u00f5es"}],"skos:related":["https:\/\/adm.senado.leg.br\/vcb\/vocab\/skos\/248","https:\/\/adm.senado.leg.br\/vcb\/vocab\/skos\/2117","https:\/\/adm.senado.leg.br\/vcb\/vocab\/skos\/12780","https:\/\/adm.senado.leg.br\/vcb\/vocab\/skos\/3969","https:\/\/adm.senado.leg.br\/vcb\/vocab\/skos\/464","https:\/\/adm.senado.leg.br\/vcb\/vocab\/skos\/6537","https:\/\/adm.senado.leg.br\/vcb\/vocab\/skos\/976","https:\/\/adm.senado.leg.br\/vcb\/vocab\/skos\/6026","https:\/\/adm.senado.leg.br\/vcb\/vocab\/skos\/305","https:\/\/adm.senado.leg.br\/vcb\/vocab\/skos\/28513","https:\/\/adm.senado.leg.br\/vcb\/vocab\/skos\/11654","https:\/\/adm.senado.leg.br\/vcb\/vocab\/skos\/9918","https:\/\/adm.senado.leg.br\/vcb\/vocab\/skos\/12778","https:\/\/adm.senado.leg.br\/vcb\/vocab\/skos\/29211","https:\/\/adm.senado.leg.br\/vcb\/vocab\/skos\/15800","https:\/\/adm.senado.leg.br\/vcb\/vocab\/skos\/12779","https:\/\/adm.senado.leg.br\/vcb\/vocab\/skos\/9920","https:\/\/adm.senado.leg.br\/vcb\/vocab\/skos\/459","https:\/\/adm.senado.leg.br\/vcb\/vocab\/skos\/7274","https:\/\/adm.senado.leg.br\/vcb\/vocab\/skos\/20169","https:\/\/adm.senado.leg.br\/vcb\/vocab\/skos\/2842","https:\/\/adm.senado.leg.br\/vcb\/vocab\/skos\/6025","https:\/\/adm.senado.leg.br\/vcb\/vocab\/skos\/5960","https:\/\/adm.senado.leg.br\/vcb\/vocab\/skos\/22117","https:\/\/adm.senado.leg.br\/vcb\/vocab\/skos\/12781","https:\/\/adm.senado.leg.br\/vcb\/vocab\/skos\/12782","https:\/\/adm.senado.leg.br\/vcb\/vocab\/skos\/12783","https:\/\/adm.senado.leg.br\/vcb\/vocab\/skos\/9922","https:\/\/adm.senado.leg.br\/vcb\/vocab\/skos\/250","https:\/\/adm.senado.leg.br\/vcb\/vocab\/skos\/12784","https:\/\/adm.senado.leg.br\/vcb\/vocab\/skos\/12785"]}