{"@context":{"dc":"http:\/\/purl.org\/dc\/elements\/1.1\/","skos":"http:\/\/www.w3.org\/2004\/02\/skos\/core#","skos:broader":{"@type":"@id"},"skos:inScheme":{"@type":"@id"},"skos:related":{"@type":"@id"},"skos:narrower":{"@type":"@id"},"skos:hasTopConcept":{"@type":"@id"},"skos:topConceptOf":{"@type":"@id"}},"@id":"https:\/\/adm.senado.leg.br\/vcb\/vocab\/skos\/21351","@type":"skos:Concept","skos:prefLabel":{"@language":"pt-BR","@value=":"Uso do solo"},"skos:inScheme":"https:\/\/adm.senado.leg.br\/vcb\/vocab\/","dct:created":"2020-09-18 17:47:04","skos:definition":[{"@lang":"pt-BR","@value":"A\u00e7\u00e3o ou efeito de ocupar o solo, tomando posse f\u00edsica do mesmo, para desenvolver uma determinada atividade produtiva ou de qualquer \u00edndole, relacionada com a exist\u00eancia concreta de um grupo social, no tempo e no espa\u00e7o geogr\u00e1fico.$vANA "}],"skos:narrower":["https:\/\/adm.senado.leg.br\/vcb\/vocab\/skos\/448","https:\/\/adm.senado.leg.br\/vcb\/vocab\/skos\/7579"],"skos:broader":["https:\/\/adm.senado.leg.br\/vcb\/vocab\/skos\/1694"],"skos:altLabel":[{"language":"pt-BR","value":"Ocupa\u00e7\u00e3o do solo"},{"language":"pt-BR","value":"Solo, utiliza\u00e7\u00e3o"},{"language":"pt-BR","value":"Terras, utiliza\u00e7\u00e3o"},{"language":"pt-BR","value":"Utiliza\u00e7\u00e3o da terra"}],"skos:related":["https:\/\/adm.senado.leg.br\/vcb\/vocab\/skos\/21350","https:\/\/adm.senado.leg.br\/vcb\/vocab\/skos\/6912","https:\/\/adm.senado.leg.br\/vcb\/vocab\/skos\/24802"]}