{"@context":{"dc":"http:\/\/purl.org\/dc\/elements\/1.1\/","skos":"http:\/\/www.w3.org\/2004\/02\/skos\/core#","skos:broader":{"@type":"@id"},"skos:inScheme":{"@type":"@id"},"skos:related":{"@type":"@id"},"skos:narrower":{"@type":"@id"},"skos:hasTopConcept":{"@type":"@id"},"skos:topConceptOf":{"@type":"@id"}},"@id":"https:\/\/adm.senado.leg.br\/vcb\/vocab\/skos\/2140","@type":"skos:Concept","skos:prefLabel":{"@language":"pt-BR","@value=":"Ci\u00eancias ocultas"},"skos:inScheme":"https:\/\/adm.senado.leg.br\/vcb\/vocab\/","dct:created":"2020-09-18 17:43:03","skos:definition":[{"@lang":"pt-BR","@value":"Ocultismo \u00e9 \"o conhecimento do oculto\". No uso comum, oculto refere-se ao \"conhecimento do paranormal\", em oposi\u00e7\u00e3o ao \"conhecimento do\u00a0mensur\u00e1vel\", geralmente referido como\u00a0ci\u00eancia. O termo \u00e9, por vezes, entendido como conhecimento do que \"destina-se apenas a certas pessoas\" ou que \"deve ser mantido escondido\", mas para a maioria dos praticantes ocultistas \u00e9 simplesmente o estudo de uma realidade espiritual mais profunda, que se estende al\u00e9m da raz\u00e3o pura e das ci\u00eancias f\u00edsicas.$vWikipedia "}],"skos:narrower":["https:\/\/adm.senado.leg.br\/vcb\/vocab\/skos\/1074","https:\/\/adm.senado.leg.br\/vcb\/vocab\/skos\/2139","https:\/\/adm.senado.leg.br\/vcb\/vocab\/skos\/3831","https:\/\/adm.senado.leg.br\/vcb\/vocab\/skos\/7029","https:\/\/adm.senado.leg.br\/vcb\/vocab\/skos\/13658","https:\/\/adm.senado.leg.br\/vcb\/vocab\/skos\/7030","https:\/\/adm.senado.leg.br\/vcb\/vocab\/skos\/7031","https:\/\/adm.senado.leg.br\/vcb\/vocab\/skos\/7032","https:\/\/adm.senado.leg.br\/vcb\/vocab\/skos\/7033"],"skos:broader":["https:\/\/adm.senado.leg.br\/vcb\/vocab\/skos\/7023","https:\/\/adm.senado.leg.br\/vcb\/vocab\/skos\/7026"],"skos:altLabel":[{"language":"pt-BR","value":"Ocultismo"}],"skos:related":["https:\/\/adm.senado.leg.br\/vcb\/vocab\/skos\/7022","https:\/\/adm.senado.leg.br\/vcb\/vocab\/skos\/7024","https:\/\/adm.senado.leg.br\/vcb\/vocab\/skos\/21471","https:\/\/adm.senado.leg.br\/vcb\/vocab\/skos\/7025","https:\/\/adm.senado.leg.br\/vcb\/vocab\/skos\/2710","https:\/\/adm.senado.leg.br\/vcb\/vocab\/skos\/7027","https:\/\/adm.senado.leg.br\/vcb\/vocab\/skos\/7028"]}