{"@context":{"dc":"http:\/\/purl.org\/dc\/elements\/1.1\/","skos":"http:\/\/www.w3.org\/2004\/02\/skos\/core#","skos:broader":{"@type":"@id"},"skos:inScheme":{"@type":"@id"},"skos:related":{"@type":"@id"},"skos:narrower":{"@type":"@id"},"skos:hasTopConcept":{"@type":"@id"},"skos:topConceptOf":{"@type":"@id"}},"@id":"https:\/\/adm.senado.leg.br\/vcb\/vocab\/skos\/217","@type":"skos:Concept","skos:prefLabel":{"@language":"pt-BR","@value=":"Abrigo provis\u00f3rio"},"skos:inScheme":"https:\/\/adm.senado.leg.br\/vcb\/vocab\/","dct:created":"2020-09-18 17:42:56","skos:definition":[{"@lang":"ab","@value":"Abrigo organizado numa instala\u00e7\u00e3o fixa e adaptada para esta finalidade, por um per\u00edodo determinado.$vBRASIL. Minist\u00e9rio do Planejamento e Or\u00e7amento. Gloss\u00e1rio de defesa civil, estudo de riscos e medicina de desastres. "}],"skos:broader":["https:\/\/adm.senado.leg.br\/vcb\/vocab\/skos\/213"],"skos:altLabel":[{"language":"pt-BR","value":"Abrigo tempor\u00e1rio"}]}