{"@context":{"dc":"http:\/\/purl.org\/dc\/elements\/1.1\/","skos":"http:\/\/www.w3.org\/2004\/02\/skos\/core#","skos:broader":{"@type":"@id"},"skos:inScheme":{"@type":"@id"},"skos:related":{"@type":"@id"},"skos:narrower":{"@type":"@id"},"skos:hasTopConcept":{"@type":"@id"},"skos:topConceptOf":{"@type":"@id"}},"@id":"https:\/\/adm.senado.leg.br\/vcb\/vocab\/skos\/2173","@type":"skos:Concept","skos:prefLabel":{"@language":"pt-BR","@value=":"Aluno com defici\u00eancia"},"skos:inScheme":"https:\/\/adm.senado.leg.br\/vcb\/vocab\/","dct:created":"2020-09-18 17:43:03","skos:definition":[{"@lang":"ab","@value":"De acordo com a ONU, pessoa com defici\u00eancia \u00e9 aquela que tem impedimentos de natureza f\u00edsica, intelectual ou sensorial, os quais, em intera\u00e7\u00e3o com diversas barreiras, podem obstruir sua participa\u00e7\u00e3o plena e efetiva na sociedade com as demais pessoas. No caso de um estudante com defici\u00eancia, as barreiras que podem impedir sua escolariza\u00e7\u00e3o e participa\u00e7\u00e3o plena localizam-se no espa\u00e7o escolar.$vBRASIL. Instituto Nacional de Estudos e Pesquisas Educacionais An\u00edsio Teixeira. Perguntas frequentes. "}],"skos:broader":["https:\/\/adm.senado.leg.br\/vcb\/vocab\/skos\/2908"],"skos:altLabel":[{"language":"pt-BR","value":"Aluno deficiente"},{"language":"pt-BR","value":"Aluno portador de defici\u00eancia"}],"skos:related":["https:\/\/adm.senado.leg.br\/vcb\/vocab\/skos\/2187","https:\/\/adm.senado.leg.br\/vcb\/vocab\/skos\/2176","https:\/\/adm.senado.leg.br\/vcb\/vocab\/skos\/2177","https:\/\/adm.senado.leg.br\/vcb\/vocab\/skos\/2178","https:\/\/adm.senado.leg.br\/vcb\/vocab\/skos\/2179"]}