{"@context":{"dc":"http:\/\/purl.org\/dc\/elements\/1.1\/","skos":"http:\/\/www.w3.org\/2004\/02\/skos\/core#","skos:broader":{"@type":"@id"},"skos:inScheme":{"@type":"@id"},"skos:related":{"@type":"@id"},"skos:narrower":{"@type":"@id"},"skos:hasTopConcept":{"@type":"@id"},"skos:topConceptOf":{"@type":"@id"}},"@id":"https:\/\/adm.senado.leg.br\/vcb\/vocab\/skos\/2178","@type":"skos:Concept","skos:prefLabel":{"@language":"pt-BR","@value=":"Pessoa com defici\u00eancia mental"},"skos:inScheme":"https:\/\/adm.senado.leg.br\/vcb\/vocab\/","dct:created":"2020-09-18 17:43:03","skos:definition":[{"@lang":"ab","@value":"Pessoas diagnosticadas como estando significativamente abaixo da intelig\u00eancia m\u00e9dia e tendo problemas consider\u00e1veis na adapta\u00e7\u00e3o \u00e0 vida cotidiana ou carentes de independ\u00eancia com respeito a atividades da vida di\u00e1ria. "}],"skos:broader":["https:\/\/adm.senado.leg.br\/vcb\/vocab\/skos\/659"],"skos:altLabel":[{"language":"pt-BR","value":"Crian\u00e7a at\u00edpica"},{"language":"pt-BR","value":"Crian\u00e7a atrasada"},{"language":"pt-BR","value":"Crian\u00e7a deficiente"},{"language":"pt-BR","value":"Deficiente intelectual"},{"language":"pt-BR","value":"Deficiente mental"},{"language":"pt-BR","value":"Excepcional"},{"language":"pt-BR","value":"Pessoa portadora de defici\u00eancia mental"},{"language":"pt-BR","value":"Portador de defici\u00eancia mental"},{"language":"pt-BR","value":"Portador de necessidades mentais"},{"language":"pt-BR","value":"Retardado"},{"language":"pt-BR","value":"Retardado mental"}],"skos:related":["https:\/\/adm.senado.leg.br\/vcb\/vocab\/skos\/2173","https:\/\/adm.senado.leg.br\/vcb\/vocab\/skos\/612","https:\/\/adm.senado.leg.br\/vcb\/vocab\/skos\/10148","https:\/\/adm.senado.leg.br\/vcb\/vocab\/skos\/10149","https:\/\/adm.senado.leg.br\/vcb\/vocab\/skos\/7498","https:\/\/adm.senado.leg.br\/vcb\/vocab\/skos\/11830","https:\/\/adm.senado.leg.br\/vcb\/vocab\/skos\/10540","https:\/\/adm.senado.leg.br\/vcb\/vocab\/skos\/2176","https:\/\/adm.senado.leg.br\/vcb\/vocab\/skos\/2039","https:\/\/adm.senado.leg.br\/vcb\/vocab\/skos\/10530","https:\/\/adm.senado.leg.br\/vcb\/vocab\/skos\/2177","https:\/\/adm.senado.leg.br\/vcb\/vocab\/skos\/5637","https:\/\/adm.senado.leg.br\/vcb\/vocab\/skos\/2042"]}