{"@context":{"dc":"http:\/\/purl.org\/dc\/elements\/1.1\/","skos":"http:\/\/www.w3.org\/2004\/02\/skos\/core#","skos:broader":{"@type":"@id"},"skos:inScheme":{"@type":"@id"},"skos:related":{"@type":"@id"},"skos:narrower":{"@type":"@id"},"skos:hasTopConcept":{"@type":"@id"},"skos:topConceptOf":{"@type":"@id"}},"@id":"https:\/\/adm.senado.leg.br\/vcb\/vocab\/skos\/2191","@type":"skos:Concept","skos:prefLabel":{"@language":"pt-BR","@value=":"Jovem aprendiz"},"skos:inScheme":"https:\/\/adm.senado.leg.br\/vcb\/vocab\/","dct:created":"2020-09-18 17:43:03","dct:modified":"2025-09-02 09:30:03","skos:definition":[{"@lang":"ab","@value":"Jovem entre 14 e 24 anos inscrito em programa de aprendizagem, forma\u00e7\u00e3o t\u00e9cnico-profissional met\u00f3dica, compat\u00edvel com o seu desenvolvimento f\u00edsico, moral e psicol\u00f3gico, assegurado no contrato de trabalho especial, ajustado por escrito e por prazo determinado. "}],"skos:editorialNote":[{"@lang":"ab","@value":"342.65181 "}],"skos:broader":["https:\/\/adm.senado.leg.br\/vcb\/vocab\/skos\/18"],"skos:altLabel":[{"language":"pt-BR","value":"Aprendiz"},{"language":"pt-BR","value":"Menor aprendiz"}],"skos:related":["https:\/\/adm.senado.leg.br\/vcb\/vocab\/skos\/2187","https:\/\/adm.senado.leg.br\/vcb\/vocab\/skos\/29410","https:\/\/adm.senado.leg.br\/vcb\/vocab\/skos\/8969","https:\/\/adm.senado.leg.br\/vcb\/vocab\/skos\/2190","https:\/\/adm.senado.leg.br\/vcb\/vocab\/skos\/11385"]}