{"@context":{"dc":"http:\/\/purl.org\/dc\/elements\/1.1\/","skos":"http:\/\/www.w3.org\/2004\/02\/skos\/core#","skos:broader":{"@type":"@id"},"skos:inScheme":{"@type":"@id"},"skos:related":{"@type":"@id"},"skos:narrower":{"@type":"@id"},"skos:hasTopConcept":{"@type":"@id"},"skos:topConceptOf":{"@type":"@id"}},"@id":"https:\/\/adm.senado.leg.br\/vcb\/vocab\/skos\/2193","@type":"skos:Concept","skos:prefLabel":{"@language":"pt-BR","@value=":"Poder de pol\u00edcia"},"skos:inScheme":"https:\/\/adm.senado.leg.br\/vcb\/vocab\/","dct:created":"2020-09-18 17:43:03","skos:definition":[{"@lang":"ab","@value":"Atividade de administra\u00e7\u00e3o p\u00fablica que, limitando ou disciplinando direito, interesse ou liberdade, regula a pr\u00e1tica de ato ou absten\u00e7\u00e3o de fato, em raz\u00e3o de interesse p\u00fablico concernente \u00e0 seguran\u00e7a, \u00e0 higiene, \u00e0 ordem, aos costumes, \u00e0 disciplina de produ\u00e7\u00e3o e de mercado, ao exerc\u00edcio de atividades econ\u00f4micas dependentes de concess\u00e3o ou autoriza\u00e7\u00e3o do Poder P\u00fablico, \u00e0 tranquilidade p\u00fablica ou ao respeito \u00e0 propriedade e aos direitos individuais ou coletivos.$vBRASIL. Minist\u00e9rio da Defesa. Gloss\u00e1rio das For\u00e7as Armadas. "},{"@lang":"ab","@value":"Faculdade da administra\u00e7\u00e3o p\u00fablica de condicionar o uso de bens e direitos individuais em benef\u00edcio da coletividade. "}],"skos:editorialNote":[{"@lang":"ab","@value":"341.37 "}],"skos:narrower":["https:\/\/adm.senado.leg.br\/vcb\/vocab\/skos\/2192","https:\/\/adm.senado.leg.br\/vcb\/vocab\/skos\/3924","https:\/\/adm.senado.leg.br\/vcb\/vocab\/skos\/6907","https:\/\/adm.senado.leg.br\/vcb\/vocab\/skos\/15199","https:\/\/adm.senado.leg.br\/vcb\/vocab\/skos\/19684","https:\/\/adm.senado.leg.br\/vcb\/vocab\/skos\/19760","https:\/\/adm.senado.leg.br\/vcb\/vocab\/skos\/11504","https:\/\/adm.senado.leg.br\/vcb\/vocab\/skos\/21058"],"skos:broader":["https:\/\/adm.senado.leg.br\/vcb\/vocab\/skos\/1281","https:\/\/adm.senado.leg.br\/vcb\/vocab\/skos\/11337"],"skos:related":["https:\/\/adm.senado.leg.br\/vcb\/vocab\/skos\/5003","https:\/\/adm.senado.leg.br\/vcb\/vocab\/skos\/1399","https:\/\/adm.senado.leg.br\/vcb\/vocab\/skos\/11691","https:\/\/adm.senado.leg.br\/vcb\/vocab\/skos\/9697","https:\/\/adm.senado.leg.br\/vcb\/vocab\/skos\/9485"]}