{"@context":{"dc":"http:\/\/purl.org\/dc\/elements\/1.1\/","skos":"http:\/\/www.w3.org\/2004\/02\/skos\/core#","skos:broader":{"@type":"@id"},"skos:inScheme":{"@type":"@id"},"skos:related":{"@type":"@id"},"skos:narrower":{"@type":"@id"},"skos:hasTopConcept":{"@type":"@id"},"skos:topConceptOf":{"@type":"@id"}},"@id":"https:\/\/adm.senado.leg.br\/vcb\/vocab\/skos\/2200","@type":"skos:Concept","skos:prefLabel":{"@language":"pt-BR","@value=":"Recursos minerais"},"skos:inScheme":"https:\/\/adm.senado.leg.br\/vcb\/vocab\/","dct:created":"2020-09-18 17:43:03","skos:definition":[{"@lang":"ab","@value":"Concentra\u00e7\u00f5es minerais na crosta terrestre cujas caracter\u00edsticas fazem com que sua extra\u00e7\u00e3o seja ou possa chegar a ser t\u00e9cnica e economicamente fact\u00edvel$vIBICT. Prossiga: Portal de Recursos Minerais: gloss\u00e1rio. "}],"skos:editorialNote":[{"@lang":"pt-BR","@value":"341.344 "}],"skos:narrower":["https:\/\/adm.senado.leg.br\/vcb\/vocab\/skos\/4653","https:\/\/adm.senado.leg.br\/vcb\/vocab\/skos\/11454","https:\/\/adm.senado.leg.br\/vcb\/vocab\/skos\/7439","https:\/\/adm.senado.leg.br\/vcb\/vocab\/skos\/207","https:\/\/adm.senado.leg.br\/vcb\/vocab\/skos\/20625","https:\/\/adm.senado.leg.br\/vcb\/vocab\/skos\/15639"],"skos:broader":["https:\/\/adm.senado.leg.br\/vcb\/vocab\/skos\/5132","https:\/\/adm.senado.leg.br\/vcb\/vocab\/skos\/12572"],"skos:altLabel":[{"language":"pt-BR","value":"Dep\u00f3sito mineral"},{"language":"pt-BR","value":"Jazida"},{"language":"pt-BR","value":"Jazida mineral"},{"language":"pt-BR","value":"Recurso mineral"}],"skos:related":["https:\/\/adm.senado.leg.br\/vcb\/vocab\/skos\/1827","https:\/\/adm.senado.leg.br\/vcb\/vocab\/skos\/2195","https:\/\/adm.senado.leg.br\/vcb\/vocab\/skos\/12571","https:\/\/adm.senado.leg.br\/vcb\/vocab\/skos\/7437","https:\/\/adm.senado.leg.br\/vcb\/vocab\/skos\/15146","https:\/\/adm.senado.leg.br\/vcb\/vocab\/skos\/13641","https:\/\/adm.senado.leg.br\/vcb\/vocab\/skos\/2198","https:\/\/adm.senado.leg.br\/vcb\/vocab\/skos\/375","https:\/\/adm.senado.leg.br\/vcb\/vocab\/skos\/2199","https:\/\/adm.senado.leg.br\/vcb\/vocab\/skos\/15636","https:\/\/adm.senado.leg.br\/vcb\/vocab\/skos\/1566","https:\/\/adm.senado.leg.br\/vcb\/vocab\/skos\/20204","https:\/\/adm.senado.leg.br\/vcb\/vocab\/skos\/861"]}