{"@context":{"dc":"http:\/\/purl.org\/dc\/elements\/1.1\/","skos":"http:\/\/www.w3.org\/2004\/02\/skos\/core#","skos:broader":{"@type":"@id"},"skos:inScheme":{"@type":"@id"},"skos:related":{"@type":"@id"},"skos:narrower":{"@type":"@id"},"skos:hasTopConcept":{"@type":"@id"},"skos:topConceptOf":{"@type":"@id"}},"@id":"https:\/\/adm.senado.leg.br\/vcb\/vocab\/skos\/2202","@type":"skos:Concept","skos:prefLabel":{"@language":"pt-BR","@value=":"Fissura"},"skos:inScheme":"https:\/\/adm.senado.leg.br\/vcb\/vocab\/","dct:created":"2020-09-18 17:43:03","skos:definition":[{"@lang":"ab","@value":"Corte ou trinca superficial no concreto ou na alvenaria.$vTAVARES, Filipe Miguel. Gloss\u00e1rio da constru\u00e7\u00e3o civil. "}],"skos:broader":["https:\/\/adm.senado.leg.br\/vcb\/vocab\/skos\/10465"],"skos:related":["https:\/\/adm.senado.leg.br\/vcb\/vocab\/skos\/2201","https:\/\/adm.senado.leg.br\/vcb\/vocab\/skos\/8259","https:\/\/adm.senado.leg.br\/vcb\/vocab\/skos\/727"]}