{"@context":{"dc":"http:\/\/purl.org\/dc\/elements\/1.1\/","skos":"http:\/\/www.w3.org\/2004\/02\/skos\/core#","skos:broader":{"@type":"@id"},"skos:inScheme":{"@type":"@id"},"skos:related":{"@type":"@id"},"skos:narrower":{"@type":"@id"},"skos:hasTopConcept":{"@type":"@id"},"skos:topConceptOf":{"@type":"@id"}},"@id":"https:\/\/adm.senado.leg.br\/vcb\/vocab\/skos\/22135","@type":"skos:Concept","skos:prefLabel":{"@language":"pt-BR","@value=":"Princ\u00edpio da separa\u00e7\u00e3o dos poderes"},"skos:inScheme":"https:\/\/adm.senado.leg.br\/vcb\/vocab\/","dct:created":"2020-09-18 17:47:23","skos:definition":[{"@lang":"ab","@value":"O princ\u00edpio da separa\u00e7\u00e3o de poderes \u00e9 um modelo pol\u00edtico que visa \u00e0 melhor governan\u00e7a de um Estado pela fragmenta\u00e7\u00e3o do seu poder em \u00f3rg\u00e3os distintos e independentes, cada qual especializado em um aspecto ou \u00e1rea de governo.$uhttps:\/\/www.infoescola.com\/filosofia\/principio-da-separacao-de-poderes\/ "}],"skos:broader":["https:\/\/adm.senado.leg.br\/vcb\/vocab\/skos\/8638"],"skos:altLabel":[{"language":"pt-BR","value":"Princ\u00edpio da divis\u00e3o de poderes"},{"language":"pt-BR","value":"Princ\u00edpio da divis\u00e3o funcional do poder"},{"language":"pt-BR","value":"Princ\u00edpio da separa\u00e7\u00e3o entre os poderes"}],"skos:related":["https:\/\/adm.senado.leg.br\/vcb\/vocab\/skos\/29783","https:\/\/adm.senado.leg.br\/vcb\/vocab\/skos\/22139","https:\/\/adm.senado.leg.br\/vcb\/vocab\/skos\/6999","https:\/\/adm.senado.leg.br\/vcb\/vocab\/skos\/1624","https:\/\/adm.senado.leg.br\/vcb\/vocab\/skos\/1061","https:\/\/adm.senado.leg.br\/vcb\/vocab\/skos\/1625"]}