{"@context":{"dc":"http:\/\/purl.org\/dc\/elements\/1.1\/","skos":"http:\/\/www.w3.org\/2004\/02\/skos\/core#","skos:broader":{"@type":"@id"},"skos:inScheme":{"@type":"@id"},"skos:related":{"@type":"@id"},"skos:narrower":{"@type":"@id"},"skos:hasTopConcept":{"@type":"@id"},"skos:topConceptOf":{"@type":"@id"}},"@id":"https:\/\/adm.senado.leg.br\/vcb\/vocab\/skos\/22138","@type":"skos:Concept","skos:prefLabel":{"@language":"pt-BR","@value=":"Poder geral de cautela"},"skos:inScheme":"https:\/\/adm.senado.leg.br\/vcb\/vocab\/","dct:created":"2020-09-18 17:47:23","skos:definition":[{"@lang":"ab","@value":"O poder geral de cautela do magistrado tem o alcance de permitir a determina\u00e7\u00e3o de medidas capazes de garantir a efetividade do processo judicial, ainda que n\u00e3o haja provoca\u00e7\u00e3o de qualquer das partes.$vCOSTA, Daniel Carnio. Poder geral de cautela. "}],"skos:related":["https:\/\/adm.senado.leg.br\/vcb\/vocab\/skos\/19409"]}