{"@context":{"dc":"http:\/\/purl.org\/dc\/elements\/1.1\/","skos":"http:\/\/www.w3.org\/2004\/02\/skos\/core#","skos:broader":{"@type":"@id"},"skos:inScheme":{"@type":"@id"},"skos:related":{"@type":"@id"},"skos:narrower":{"@type":"@id"},"skos:hasTopConcept":{"@type":"@id"},"skos:topConceptOf":{"@type":"@id"}},"@id":"https:\/\/adm.senado.leg.br\/vcb\/vocab\/skos\/2214","@type":"skos:Concept","skos:prefLabel":{"@language":"pt-BR","@value=":"Comunidade de pr\u00e1tica"},"skos:inScheme":"https:\/\/adm.senado.leg.br\/vcb\/vocab\/","dct:created":"2020-09-18 17:43:03","skos:definition":[{"@lang":"ab","@value":"Nas organiza\u00e7\u00f5es, grupos informais de pessoas caracterizados pela forma\u00e7\u00e3o volunt\u00e1ria e autogest\u00e3o, com interesses e quest\u00f5es em comum baseados, sobretudo, em amplo conhecimento t\u00e1cito$v-ASIST, p. 23. "},{"@lang":"ab","@value":"Um grupo de indiv\u00edduos que se re\u00fanem periodicamente, por possu\u00edrem um interesse comum no aprendizado e na aplica\u00e7\u00e3o do que foi aprendido.$vSOCIEDADE BRASILEIRA DE GEST\u00c3O DO CONHECIMENTO. Afinal, o que \u00e9 uma comunidade de pr\u00e1tica? "},{"@lang":"ab","@value":"Um grupo de pessoas que resolvem se aglutinar entre si para realizar empreendimentos comuns com vistas ao desenvolvimento em um dom\u00ednio de conhecimento vinculado a uma determinada pr\u00e1tica.$vMENDES, Hugo Miguel Ponte. Ferramentas de Gest\u00e3o do Conhecimento. "}],"skos:related":["https:\/\/adm.senado.leg.br\/vcb\/vocab\/skos\/2211","https:\/\/adm.senado.leg.br\/vcb\/vocab\/skos\/2212","https:\/\/adm.senado.leg.br\/vcb\/vocab\/skos\/2213","https:\/\/adm.senado.leg.br\/vcb\/vocab\/skos\/2236","https:\/\/adm.senado.leg.br\/vcb\/vocab\/skos\/714","https:\/\/adm.senado.leg.br\/vcb\/vocab\/skos\/8120","https:\/\/adm.senado.leg.br\/vcb\/vocab\/skos\/591"]}