{"@context":{"dc":"http:\/\/purl.org\/dc\/elements\/1.1\/","skos":"http:\/\/www.w3.org\/2004\/02\/skos\/core#","skos:broader":{"@type":"@id"},"skos:inScheme":{"@type":"@id"},"skos:related":{"@type":"@id"},"skos:narrower":{"@type":"@id"},"skos:hasTopConcept":{"@type":"@id"},"skos:topConceptOf":{"@type":"@id"}},"@id":"https:\/\/adm.senado.leg.br\/vcb\/vocab\/skos\/22243","@type":"skos:Concept","skos:prefLabel":{"@language":"pt-BR","@value=":"Rela\u00e7\u00f5es Leste Oeste"},"skos:inScheme":"https:\/\/adm.senado.leg.br\/vcb\/vocab\/","dct:created":"2020-09-18 17:47:27","skos:scopeNote":[{"@lang":"ab","@value":"Utilizar para as rela\u00e7\u00f5es entre os dois blocos. Pode ainda ser utilizado no \u00e2mbito das novas rela\u00e7\u00f5es entre o Ocidente e os pa\u00edses do ex-bloco de Leste. (Eurovoc) "}],"skos:broader":["https:\/\/adm.senado.leg.br\/vcb\/vocab\/skos\/126","https:\/\/adm.senado.leg.br\/vcb\/vocab\/skos\/9341"],"skos:related":["https:\/\/adm.senado.leg.br\/vcb\/vocab\/skos\/7487","https:\/\/adm.senado.leg.br\/vcb\/vocab\/skos\/7690","https:\/\/adm.senado.leg.br\/vcb\/vocab\/skos\/7490"]}