{"@context":{"dc":"http:\/\/purl.org\/dc\/elements\/1.1\/","skos":"http:\/\/www.w3.org\/2004\/02\/skos\/core#","skos:broader":{"@type":"@id"},"skos:inScheme":{"@type":"@id"},"skos:related":{"@type":"@id"},"skos:narrower":{"@type":"@id"},"skos:hasTopConcept":{"@type":"@id"},"skos:topConceptOf":{"@type":"@id"}},"@id":"https:\/\/adm.senado.leg.br\/vcb\/vocab\/skos\/22362","@type":"skos:Concept","skos:prefLabel":{"@language":"pt-BR","@value=":"Prescri\u00e7\u00e3o de prazos (processo civil)"},"skos:inScheme":"https:\/\/adm.senado.leg.br\/vcb\/vocab\/","dct:created":"2020-09-18 17:47:31","dct:modified":"2023-10-11 11:07:26","skos:definition":[{"@lang":"pt-BR","@value":"Prevista expressamente no art. 183 do CPC, ocorre quando a perda da faculdade de praticar ato processual se d\u00e1 em virtude de haver decorrido o prazo, sem que a parte tivesse praticado o ato, ou o tenha praticado a destempo ou de forma incompleta ou irregular.$vTesauro Jur\u00eddico do STF "}],"skos:editorialNote":[{"@lang":"pt-BR","@value":"341.4633 "}],"skos:broader":["https:\/\/adm.senado.leg.br\/vcb\/vocab\/skos\/30139","https:\/\/adm.senado.leg.br\/vcb\/vocab\/skos\/557"],"skos:altLabel":[{"language":"pt-BR","value":"Preclus\u00e3o (processo civil)"},{"language":"pt-BR","value":"Preclus\u00e3o temporal"},{"language":"pt-BR","value":"Prescri\u00e7\u00e3o (processo civil)"}],"skos:related":["https:\/\/adm.senado.leg.br\/vcb\/vocab\/skos\/4146","https:\/\/adm.senado.leg.br\/vcb\/vocab\/skos\/22361","https:\/\/adm.senado.leg.br\/vcb\/vocab\/skos\/22378","https:\/\/adm.senado.leg.br\/vcb\/vocab\/skos\/25082"]}