{"@context":{"dc":"http:\/\/purl.org\/dc\/elements\/1.1\/","skos":"http:\/\/www.w3.org\/2004\/02\/skos\/core#","skos:broader":{"@type":"@id"},"skos:inScheme":{"@type":"@id"},"skos:related":{"@type":"@id"},"skos:narrower":{"@type":"@id"},"skos:hasTopConcept":{"@type":"@id"},"skos:topConceptOf":{"@type":"@id"}},"@id":"https:\/\/adm.senado.leg.br\/vcb\/vocab\/skos\/22571","@type":"skos:Concept","skos:prefLabel":{"@language":"pt-BR","@value=":"Princ\u00edpio da oficialidade"},"skos:inScheme":"https:\/\/adm.senado.leg.br\/vcb\/vocab\/","dct:created":"2020-09-18 17:47:35","skos:definition":[{"@lang":"ab","@value":"Princ\u00edpio que d\u00e1 autonomia ao Estado de punir o infrator, de acordo com a lei penal. Os \u00f3rg\u00e3os da justi\u00e7a, inclusive o Minist\u00e9rio P\u00fablico, s\u00e3o respons\u00e1veis por iniciar uma a\u00e7\u00e3o penal. "}],"skos:broader":["https:\/\/adm.senado.leg.br\/vcb\/vocab\/skos\/22468"]}