{"@context":{"dc":"http:\/\/purl.org\/dc\/elements\/1.1\/","skos":"http:\/\/www.w3.org\/2004\/02\/skos\/core#","skos:broader":{"@type":"@id"},"skos:inScheme":{"@type":"@id"},"skos:related":{"@type":"@id"},"skos:narrower":{"@type":"@id"},"skos:hasTopConcept":{"@type":"@id"},"skos:topConceptOf":{"@type":"@id"}},"@id":"https:\/\/adm.senado.leg.br\/vcb\/vocab\/skos\/22686","@type":"skos:Concept","skos:prefLabel":{"@language":"pt-BR","@value=":"Pris\u00e3o simples"},"skos:inScheme":"https:\/\/adm.senado.leg.br\/vcb\/vocab\/","dct:created":"2020-09-18 17:47:37","skos:definition":[{"@lang":"pt-BR","@value":"Pris\u00e3o simples \u00e9 a pena cumprida sem rigor penitenci\u00e1rio em estabelecimento especial ou se\u00e7\u00e3o especial de pris\u00e3o comum, em regime aberto ou semi-aberto. Trata-se de pena aplicada em face de contraven\u00e7\u00e3o penal (Lei das Contraven\u00e7\u00f5es Penais - Decreto Lei n\u00ba3.688\/1941), que por sua vez \u00e9 infra\u00e7\u00e3o penal de menor lesividade. "}],"skos:broader":["https:\/\/adm.senado.leg.br\/vcb\/vocab\/skos\/2556","https:\/\/adm.senado.leg.br\/vcb\/vocab\/skos\/8288"],"skos:related":["https:\/\/adm.senado.leg.br\/vcb\/vocab\/skos\/8992"]}